{"id":938109,"date":"2026-04-11T15:58:15","date_gmt":"2026-04-11T15:58:15","guid":{"rendered":"https:\/\/www.europesays.com\/de\/938109\/"},"modified":"2026-04-11T15:58:15","modified_gmt":"2026-04-11T15:58:15","slug":"polizei-schiesst-in-hemmingen-auf-randalierer-in-hotel","status":"publish","type":"post","link":"https:\/\/www.europesays.com\/de\/938109\/","title":{"rendered":"Polizei schie\u00dft in Hemmingen auf Randalierer in Hotel"},"content":{"rendered":"<p class=\"\">\n                    In einem Hotel in Hemmingen bei Hannover hat die Polizei einen randalierenden Mann mit einem Schuss gestoppt. Der 39-J\u00e4hrige wurde dabei am sp\u00e4ten Freitagabend, 10. April, schwer verletzt, wie die Polizei mitteilte. Er befindet sich demnach nicht in Lebensgefahr.\n            <\/p>\n<p class=\"\">\n                    Nach bisherigen Erkenntnissen hatte der Mann gegen 22.15 Uhr selbst den Notruf gew\u00e4hlt. In seinem Hotelzimmer soll er randaliert und sich mit einem scharfen Gegenstand wiederholt selbst bedroht haben.\n            <\/p>\n<p class=\"\">Lesen Sie auch: <a href=\"https:\/\/www.noz.de\/deutschland-welt\/niedersachsen\/artikel\/immer-mehr-niedersachsen-haben-waffenscheine-zahlen-fuer-2025-50491206\" class=\"link underline-blue\" title=\"\" target=\"_self\" rel=\"nofollow noopener\">Immer mehr Niedersachsen haben Waffenscheine \u2013 die aktuellen Zahlen<\/a><\/p>\n<p class=\"\">\n                    Als die ersten Einsatzkr\u00e4fte eintrafen, blieb die Lage angespannt. Auch weitere hinzugezogene Beamte, darunter Kr\u00e4fte des Landeskriminalamts, konnten den Mann zun\u00e4chst nicht beruhigen. Nach Polizeiangaben befand er sich in einem psychischen Ausnahmezustand.\n            <\/p>\n<p>            Warnschuss ohne Wirkung<\/p>\n<p class=\"\">\n                    Der 39-J\u00e4hrige habe sich hochaggressiv gezeigt und sei mit dem Gegenstand in der Hand mehrfach auf die Beamten zugegangen. Ein abgegebener Warnschuss zeigte keine Wirkung. Schlie\u00dflich gab ein Polizist einen gezielten Schuss auf den Mann ab und traf ihn. Da der 39-J\u00e4hrige sein Verhalten dennoch nicht eingestellt habe, setzten die Einsatzkr\u00e4fte zus\u00e4tzlich einen Taser ein.\n            <\/p>\n<p class=\"\">\n                    Unmittelbar danach leisteten die Beamten Erste Hilfe und nahmen den Mann fest. Er wurde in ein Krankenhaus gebracht und befindet sich dort in stabilem Zustand. Der Kriminaldauerdienst Hannover hat die Ermittlungen \u00fcbernommen. Gegen den 39-J\u00e4hrigen wird wegen Bedrohung ermittelt. Weitere Details zum Einsatzverlauf nannte die Polizei mit Verweis auf die laufenden Ermittlungen zun\u00e4chst nicht.\n            <\/p>\n","protected":false},"excerpt":{"rendered":"In einem Hotel in Hemmingen bei Hannover hat die Polizei einen randalierenden Mann mit einem Schuss gestoppt. Der&hellip;\n","protected":false},"author":2,"featured_media":938110,"comment_status":"","ping_status":"","sticky":false,"template":"","format":"standard","meta":{"footnotes":"","_share_on_mastodon":"0"},"categories":[1836],"tags":[3364,29,30,46,7637,682,1411,4908,19168],"class_list":["post-938109","post","type-post","status-publish","format-standard","has-post-thumbnail","category-hannover","tag-de","tag-deutschland","tag-germany","tag-hannover","tag-hemmingen","tag-koerperverletzung","tag-niedersachsen","tag-polizeieinsatz","tag-polizist"],"share_on_mastodon":{"url":"https:\/\/pubeurope.com\/@de\/116386903271946658","error":""},"_links":{"self":[{"href":"https:\/\/www.europesays.com\/de\/wp-json\/wp\/v2\/posts\/938109","targetHints":{"allow":["GET"]}}],"collection":[{"href":"https:\/\/www.europesays.com\/de\/wp-json\/wp\/v2\/posts"}],"about":[{"href":"https:\/\/www.europesays.com\/de\/wp-json\/wp\/v2\/types\/post"}],"author":[{"embeddable":true,"href":"https:\/\/www.europesays.com\/de\/wp-json\/wp\/v2\/users\/2"}],"replies":[{"embeddable":true,"href":"https:\/\/www.europesays.com\/de\/wp-json\/wp\/v2\/comments?post=938109"}],"version-history":[{"count":0,"href":"https:\/\/www.europesays.com\/de\/wp-json\/wp\/v2\/posts\/938109\/revisions"}],"wp:featuredmedia":[{"embeddable":true,"href":"https:\/\/www.europesays.com\/de\/wp-json\/wp\/v2\/media\/938110"}],"wp:attachment":[{"href":"https:\/\/www.europesays.com\/de\/wp-json\/wp\/v2\/media?parent=938109"}],"wp:term":[{"taxonomy":"category","embeddable":true,"href":"https:\/\/www.europesays.com\/de\/wp-json\/wp\/v2\/categories?post=938109"},{"taxonomy":"post_tag","embeddable":true,"href":"https:\/\/www.europesays.com\/de\/wp-json\/wp\/v2\/tags?post=938109"}],"curies":[{"name":"wp","href":"https:\/\/api.w.org\/{rel}","templated":true}]}}