{"id":938192,"date":"2026-04-11T16:42:19","date_gmt":"2026-04-11T16:42:19","guid":{"rendered":"https:\/\/www.europesays.com\/de\/938192\/"},"modified":"2026-04-11T16:42:19","modified_gmt":"2026-04-11T16:42:19","slug":"fuenf-verletzte-in-beruehmtem-freizeitpark-achterbahn-im-wiener-prater-entgleist-news","status":"publish","type":"post","link":"https:\/\/www.europesays.com\/de\/938192\/","title":{"rendered":"F\u00fcnf Verletzte in ber\u00fchmtem Freizeitpark: Achterbahn im Wiener Prater entgleist | News"},"content":{"rendered":"<p><a class=\"skip-content skip-content--link\" href=\"#in-content-skip-link-target-v-0-0\">TTS-Player \u00fcberspringen\u21b5<\/a><a id=\"in-content-skip-link-target-v-0-0\" class=\"skip-content--target-link-hidden skip-content skip-content--target-link\" href=\"#in-content-skip-link-target-v-0-0\">Artikel weiterlesen<\/a><\/p>\n<p>Wien (\u00d6sterreich) \u2013 <b>Schock im Wiener Prater: Bei einem Unfall auf einer historischen Achterbahn sind f\u00fcnf Erwachsene verletzt worden. Der vorderste Waggon der Bahn sprang pl\u00f6tzlich aus den Schienen. Rettungskr\u00e4fte eilten sofort zur Ungl\u00fccksstelle. <\/b><\/p>\n<p>Wie ein Sprecher des Rettungsteams best\u00e4tigte, handelt es sich um eine Bahn aus den 1950er-Jahren. Zwei Frauen (beide 63) wurden ins Krankenhaus gebracht. Drei weitere Fahrg\u00e4ste erlitten Prellungen und blaue Flecken. Sie konnten direkt vor Ort im <a href=\"https:\/\/www.bild.de\/themen\/organisationen\/freizeitparks\/news-fotos-videos-17023298.bild.html\" class=\"text-link\" rel=\"nofollow noopener\" target=\"_blank\">Freizeitpark<\/a> behandelt werden.<\/p>\n<p>Das Ungl\u00fcck ereignete sich auf der \u201eWiener Hochschaubahn\u201c, die auch als \u201eZwergerlbahn\u201c bekannt ist. Die gem\u00fctliche Bahn ohne Loopings oder extreme Steigungen gilt als besonders familienfreundlich und ist vor allem bei j\u00fcngeren Kindern beliebt. Die Strecke f\u00fchrt durch eine k\u00fcnstliche Alpenlandschaft, geschm\u00fcckt mit zahlreichen Zwergenfiguren. <\/p>\n<p><img decoding=\"async\" width=\"992\" height=\"558\" alt=\"Der Eingangsbereich zu der Achterbahn\" src=\"https:\/\/www.europesays.com\/de\/wp-content\/uploads\/2026\/04\/713cdc257531844efa9ea426201e1129,584f1a54.jpeg\"   class=\"landscape\" loading=\"lazy\"\/><\/p>\n<p class=\"fig__caption__text\">Der Eingangsbereich zu der Achterbahn <\/p>\n<p>Foto: picture alliance\/GEORG HOCHMUTH\/APA\/picturedesk.com<\/p>\n<p>So passierte der Unfall im Freizeitpark<\/p>\n<p>Der Betreiber erkl\u00e4rte laut der \u00f6sterreichischen Nachrichtenagentur APA, dass der Zug zu schnell unterwegs gewesen sei. Ursache sei ein Fehler der mitfahrenden Fahrzeugf\u00fchrerin gewesen. \u201eDa die Notbremseinrichtung nicht bet\u00e4tigt wurde, entgleiste der erste Waggon\u201c, hie\u00df es. Eine technische Ursache f\u00fcr den <a href=\"https:\/\/www.bild.de\/themen\/ereignisse\/unfaelle\/auto-news-fotos-videos-17004002.bild.html\" class=\"text-link\" rel=\"nofollow noopener\" target=\"_blank\">Unfall<\/a> schlie\u00dft der Betreiber aus.<\/p>\n<p>Mehr zum Thema<\/p>\n<p>Der Wiener Prater mit seinem weltber\u00fchmten Riesenrad z\u00e4hlt zu den wichtigsten Touristenmagneten der \u00f6sterreichischen Hauptstadt. Jahr f\u00fcr Jahr zieht der Vergn\u00fcgungspark fast sieben Millionen Besucher aus aller Welt an. Die \u201eWiener Hochschaubahn\u201c ist nach Angaben des Betreibers die \u00e4lteste Achterbahn in Wien und seit Jahrzehnten ein fester Bestandteil des traditionsreichen Freizeitparks.<\/p>\n","protected":false},"excerpt":{"rendered":"TTS-Player \u00fcberspringen\u21b5Artikel weiterlesen Wien (\u00d6sterreich) \u2013 Schock im Wiener Prater: Bei einem Unfall auf einer historischen Achterbahn sind&hellip;\n","protected":false},"author":2,"featured_media":938193,"comment_status":"","ping_status":"","sticky":false,"template":"","format":"standard","meta":{"footnotes":"","_share_on_mastodon":"0"},"categories":[5],"tags":[7024,1737,1738,7022,1736,7759,13,2508,14,15,12,138370,45,10,8,9,11,2624],"class_list":["post-938192","post","type-post","status-publish","format-standard","has-post-thumbnail","category-nachrichten","tag-achterbahn","tag-breaking-news","tag-desk-delta","tag-fahrgeschaefte","tag-fb-instantarticles","tag-freizeitparks","tag-headlines","tag-kirmes","tag-nachrichten","tag-news","tag-schlagzeilen","tag-team-first","tag-texttospeech","tag-top-news","tag-top-meldungen","tag-topmeldungen","tag-topnews","tag-unfaelle"],"share_on_mastodon":{"url":"https:\/\/pubeurope.com\/@de\/116387076383070460","error":""},"_links":{"self":[{"href":"https:\/\/www.europesays.com\/de\/wp-json\/wp\/v2\/posts\/938192","targetHints":{"allow":["GET"]}}],"collection":[{"href":"https:\/\/www.europesays.com\/de\/wp-json\/wp\/v2\/posts"}],"about":[{"href":"https:\/\/www.europesays.com\/de\/wp-json\/wp\/v2\/types\/post"}],"author":[{"embeddable":true,"href":"https:\/\/www.europesays.com\/de\/wp-json\/wp\/v2\/users\/2"}],"replies":[{"embeddable":true,"href":"https:\/\/www.europesays.com\/de\/wp-json\/wp\/v2\/comments?post=938192"}],"version-history":[{"count":0,"href":"https:\/\/www.europesays.com\/de\/wp-json\/wp\/v2\/posts\/938192\/revisions"}],"wp:featuredmedia":[{"embeddable":true,"href":"https:\/\/www.europesays.com\/de\/wp-json\/wp\/v2\/media\/938193"}],"wp:attachment":[{"href":"https:\/\/www.europesays.com\/de\/wp-json\/wp\/v2\/media?parent=938192"}],"wp:term":[{"taxonomy":"category","embeddable":true,"href":"https:\/\/www.europesays.com\/de\/wp-json\/wp\/v2\/categories?post=938192"},{"taxonomy":"post_tag","embeddable":true,"href":"https:\/\/www.europesays.com\/de\/wp-json\/wp\/v2\/tags?post=938192"}],"curies":[{"name":"wp","href":"https:\/\/api.w.org\/{rel}","templated":true}]}}