{"id":938489,"date":"2026-04-11T19:31:41","date_gmt":"2026-04-11T19:31:41","guid":{"rendered":"https:\/\/www.europesays.com\/de\/938489\/"},"modified":"2026-04-11T19:31:41","modified_gmt":"2026-04-11T19:31:41","slug":"die-eu-als-interessante-arbeitgeberin","status":"publish","type":"post","link":"https:\/\/www.europesays.com\/de\/938489\/","title":{"rendered":"Die EU als interessante Arbeitgeberin"},"content":{"rendered":"<p>Die EU und ihre Institutionen sind interessante Arbeitgeberinnen und Arbeitgeber in einem internationalen Netzwerk. Der Weg in die Institutionen Europas ist jedoch anspruchsvoll und sollte gut vorbereitet sein. W\u00e4hrend eines Infoabends von EUROPE DIRECT Aachen und dem Karriere- und Praxisservice der Philosophischen Fakult\u00e4t der RWTH Aachen wird am Donnerstag, 16. April, um 18 Uhr erkl\u00e4rt, welche Karrierem\u00f6glichkeiten es bei den verschiedenen EU-Institutionen gibt.<\/p>\n<p>Referentin Selina Poljak ist EU Careers Student Ambassador und beantwortet bei der Veranstaltung Fragen wie: Wo finde ich die Stellenausschreibungen? Was bietet die EU als Arbeitgeberin? Wie und wo bewerbe ich mich? Wie kann ich ein Praktikum bei den EU-Institutionen machen?<\/p>\n<p>Die kostenfreie Veranstaltung findet per interaktiver Videokonferenz statt. Die Anmeldung erfolgt unter <a href=\"https:\/\/ogy.de\/Laufbahn-EU-2026\" target=\"_blank\" rel=\"noreferrer noopener nofollow\">https:\/\/ogy.de\/Laufbahn-EU-2026<\/a>.<\/p>\n","protected":false},"excerpt":{"rendered":"Die EU und ihre Institutionen sind interessante Arbeitgeberinnen und Arbeitgeber in einem internationalen Netzwerk. Der Weg in die&hellip;\n","protected":false},"author":2,"featured_media":938490,"comment_status":"","ping_status":"","sticky":false,"template":"","format":"standard","meta":{"footnotes":"","_share_on_mastodon":"0"},"categories":[1853],"tags":[1424,3364,29,548,92503,663,3934,204163,30,13,204743,3586,1710,14,15,1209,12],"class_list":["post-938489","post","type-post","status-publish","format-standard","has-post-thumbnail","category-aachen","tag-aachen","tag-de","tag-deutschland","tag-eu","tag-euregio","tag-europa","tag-europe","tag-europe-direct-aachen","tag-germany","tag-headlines","tag-interaktive-videokonferenz","tag-jobs","tag-karriere","tag-nachrichten","tag-news","tag-nordrhein-westfalen","tag-schlagzeilen"],"share_on_mastodon":{"url":"https:\/\/pubeurope.com\/@de\/116387740852838058","error":""},"_links":{"self":[{"href":"https:\/\/www.europesays.com\/de\/wp-json\/wp\/v2\/posts\/938489","targetHints":{"allow":["GET"]}}],"collection":[{"href":"https:\/\/www.europesays.com\/de\/wp-json\/wp\/v2\/posts"}],"about":[{"href":"https:\/\/www.europesays.com\/de\/wp-json\/wp\/v2\/types\/post"}],"author":[{"embeddable":true,"href":"https:\/\/www.europesays.com\/de\/wp-json\/wp\/v2\/users\/2"}],"replies":[{"embeddable":true,"href":"https:\/\/www.europesays.com\/de\/wp-json\/wp\/v2\/comments?post=938489"}],"version-history":[{"count":0,"href":"https:\/\/www.europesays.com\/de\/wp-json\/wp\/v2\/posts\/938489\/revisions"}],"wp:featuredmedia":[{"embeddable":true,"href":"https:\/\/www.europesays.com\/de\/wp-json\/wp\/v2\/media\/938490"}],"wp:attachment":[{"href":"https:\/\/www.europesays.com\/de\/wp-json\/wp\/v2\/media?parent=938489"}],"wp:term":[{"taxonomy":"category","embeddable":true,"href":"https:\/\/www.europesays.com\/de\/wp-json\/wp\/v2\/categories?post=938489"},{"taxonomy":"post_tag","embeddable":true,"href":"https:\/\/www.europesays.com\/de\/wp-json\/wp\/v2\/tags?post=938489"}],"curies":[{"name":"wp","href":"https:\/\/api.w.org\/{rel}","templated":true}]}}