{"id":938586,"date":"2026-04-11T20:28:17","date_gmt":"2026-04-11T20:28:17","guid":{"rendered":"https:\/\/www.europesays.com\/de\/938586\/"},"modified":"2026-04-11T20:28:17","modified_gmt":"2026-04-11T20:28:17","slug":"eintracht-frankfurt-gewinnt-in-wolfsburg-krise-vorbei","status":"publish","type":"post","link":"https:\/\/www.europesays.com\/de\/938586\/","title":{"rendered":"Eintracht Frankfurt gewinnt in Wolfsburg: Krise vorbei?"},"content":{"rendered":"<p>Fu\u00dfball-Bundesliga <\/p>\n<p>Eintracht schie\u00dft Wolfsburg Richtung Abstieg<\/p>\n<p>Aktualisiert am 11.04.2026 &#8211; 21:36 UhrLesedauer: 2 Min.<\/p>\n<p><a href=\"#focus-0\" class=\"transition-colors duration-200 block text-current relative\" data-sctrack=\"FocusGalleryImage.Reference\"><img fetchpriority=\"high\" data-testid=\"Opener.Image\" style=\"--lqipURL:url('https:\/\/images.t-online.de\/2026\/04\/zEV8UXQdTwlI\/0x411:4000x2250\/fit-in\/150x0\/filters:blur(25)\/deutschland-fussball-1-bundesliga-29-spieltag-2025-26-vfl-wolfsburg-eintracht-frankfurt-am-11-04-in-wolfsburg-volkswagen-arena-tor-zum-0-2-arnaud-kalimuendo-eintracht-frankfurt-25-jubel-freude-emotionen-torjubel-germany-soccer-1-bundesliga-29-matchday-2025-26-vfl-wolfsburg-eintracht-frankfurt-on-11-04-in-wolfsburg-volkswagen-arena-goal-to-0-2-arnaud-kalimuendo-eintracht-frankfurt-25-cheers-joy-emotions-goal-celebration-copyright-xsvenxheidmannx.jpg')\"   loading=\"eager\" src=\"https:\/\/www.europesays.com\/de\/wp-content\/uploads\/2026\/04\/deutschland-fussball-1-bundesliga-29-spieltag-2025-26-vfl-wolfsburg-eintracht-frankfurt-am-11-04-in-.jpeg\" alt=\"imago images 1075872445\" title=\"imago images 1075872445\" width=\"4000\" height=\"2250\" class=\"bg-[url:var(--lqipURL)] bg-cover bg-center flex h-full w-full max-w-full\" decoding=\"async\"\/><img style=\"--width:32;--height:32\" loading=\"lazy\" src=\"https:\/\/frankfurt.t-online.de\/s\/paper\/_next\/static\/media\/zoom-in.f7dae02f.svg\" alt=\"Vergr\u00f6\u00dfern des Bildes\" title=\"Vergr\u00f6\u00dfern des Bildes\" class=\"block h-[calc(var(--height)_\/_16_*_1rem)] w-[calc(var(--width)_\/_16_*_1rem)] max-w-none absolute bottom-8 right-8 rounded-4 bg-snow p-8\" decoding=\"async\"\/><\/a><\/p>\n<p>Jubel bei den Frankfurter (Archivbild): Sie gingen in Wolfsburg als Sieger vom Platz. (Quelle: IMAGO\/Sven Heidmann\/imago)<\/p>\n<p class=\"font-bold text-18 leading-17 user-text-lg:text-22 user-text-xl:text-24\">Die Eintracht geht gegen schwache Wolfsburger in F\u00fchrung. Am Ende m\u00fcssen die Frankfurter doch noch einmal kurz zittern.<\/p>\n<p class=\"text-18 leading-17 user-text-lg:text-22 user-text-xl:text-24\"><a class=\"transition-colors duration-200 cursor-pointer text-inherit no-underline text-salemsfur md:hover:text-magenta md:hover:border-magenta md:focus:text-magenta border-current border-b border-solid break-words\" data-tracking=\"{&quot;action&quot;:&quot;click&quot;,&quot;category&quot;:&quot;intextLink&quot;,&quot;label&quot;:&quot;https:\/\/www.t-online.de\/themen\/eintracht-frankfurt\/&quot;}\" href=\"https:\/\/www.t-online.de\/themen\/eintracht-frankfurt\/\" data-sctrack=\"BodyAnchor\" rel=\"nofollow noopener\" target=\"_blank\">Eintracht Frankfurt<\/a> gelingt am Samstag im Spiel gegen den VfL Wolfsburg ein Schritt aus der Krise. Die Frankfurter gewannen gegen die Niedersachsen 2:1 ausw\u00e4rts. Die Wolfsburger sind damit unter dem neuen Trainer Dieter Hecking weiter ohne Dreier. Mit dem zw\u00f6lften sieglosen Spiel in Serie stellten die Wolfsburger den Vereinsnegativrekord aus dem Jahr 1998 ein und taumeln Richtung Abstieg.<\/p>\n<p class=\"text-18 leading-17 user-text-lg:text-22 user-text-xl:text-24\">Zuletzt war bei der Eintracht nach entt\u00e4uschenden Auftritten gegen K\u00f6ln und Mainz ebenfalls erste Unruhe aufgekommen. Auch der Spanier Albert Riera stand in der Kritik. Der Dreier in Wolfsburg d\u00fcrfte erst einmal wieder f\u00fcr Entspannung am Main sorgen.<\/p>\n<p class=\"text-18 leading-17 user-text-lg:text-22 user-text-xl:text-24\">Vor 26.132 Zuschauern in der Volkswagen Arena erzielten Oscar H\u00f6jlund (21. Minute) und Arnaud Kalimuendo (32.) die Treffer f\u00fcr die Hessen, die mit dem ersten Ausw\u00e4rtssieg unter Trainer Albert Riera ihre Ambitionen auf einen Europapokalplatz untermauerten. Das 1:2 durch den eingewechselten Dzenan Pejcinovic (90.+7) kam f\u00fcr die Gastgeber zu sp\u00e4t.<\/p>\n<p class=\"text-18 leading-17 user-text-lg:text-22 user-text-xl:text-24\">In Wolfsburg k\u00f6nnen nach dem Spiel die Planungen f\u00fcr die Zweite Liga konkretisiert werden. In der aktuellen Zusammenstellung und der derzeitigen psychischen Verfassung ist nur sehr schwer vorstellbar, wie dieses VfL-Team zumindest noch den Sprung auf den Relegationsrang schaffen soll. Im vierten Spiel unter Hecking kassierte der VW-Club die dritte Niederlage.<\/p>\n<p class=\"text-18 leading-17 user-text-lg:text-22 user-text-xl:text-24\">Vor der Partie sagte Hecking noch bei DAZN: &#8222;Du brauchst einen Sieg und dann denke ich, wird eine gewisse Last abfallen und eine gewisse Lockerheit wieder einkehren. Im Moment ist doch alles ein bisschen verkrampft.&#8220; Man m\u00fcsse endlich mal in F\u00fchrung gehen, so Hecking weiter.<\/p>\n<p class=\"text-18 leading-17 user-text-lg:text-22 user-text-xl:text-24\">Und gegen die Eintracht gab es tats\u00e4chlich die Riesenchance auf das 1:0. Nach einem R\u00fcckpass wollte Frankfurts Torwart Michael Zetterer den Ball wegschlagen, doch Wolfsburgs Mohamed Amoura blockte den Ball, der Patrick Wimmer vor die F\u00fc\u00dfe fiel. Der \u00d6sterreicher rutschte in seinem 100. Pflichtspiel f\u00fcr die W\u00f6lfe aber aus und konnte den Ball so nicht ins leere Tor schieben.<\/p>\n<p class=\"text-18 leading-17 user-text-lg:text-22 user-text-xl:text-24\">Stattdessen ging die Eintracht in F\u00fchrung. H\u00f6jlund bekam vor dem Strafraum der Gastgeber v\u00f6llig frei den Ball und lie\u00df Wolfsburgs Torwart Kamil Grabara auch dank der Mithilfe des Innenpfostens mit seinem Schuss keine Chance. Die Wolfsburger waren nun v\u00f6llig verunsichert und kassierten noch vor dem Seitenwechsel den zweiten Gegentreffer. Bei einem Freisto\u00df lie\u00df der Ex-Frankfurter Jesper Lindstr\u00f6m Eintracht-St\u00fcrmer Jonathan Burkardt einfach laufen, sodass dieser Kalimuendo ohne Gegenwehr bedienen konnte.<\/p>\n<p class=\"text-18 leading-17 user-text-lg:text-22 user-text-xl:text-24\">Nach der Pause versuchte der VfL noch einmal, die Partie zu drehen. Der f\u00fcr den v\u00f6llig indisponierten Lindstr\u00f6m gekommene Lovro Majer traf nur die Latte, Aaron Zehnter bekam v\u00f6llig frei den Ball nicht unter Kontrolle. Die Eintracht agierte nun viel zu passiv und musste so noch etwas zittern. Doch am Ende brachte sie den Vorsprung \u00fcber die Zeit.<\/p>\n","protected":false},"excerpt":{"rendered":"Fu\u00dfball-Bundesliga Eintracht schie\u00dft Wolfsburg Richtung Abstieg Aktualisiert am 11.04.2026 &#8211; 21:36 UhrLesedauer: 2 Min. Jubel bei den Frankfurter&hellip;\n","protected":false},"author":2,"featured_media":938587,"comment_status":"","ping_status":"","sticky":false,"template":"","format":"standard","meta":{"footnotes":"","_share_on_mastodon":"0"},"categories":[1829],"tags":[13054,171949,29,16846,460,2050,2051,485,30,2052,1427,1411,931,605],"class_list":["post-938586","post","type-post","status-publish","format-standard","has-post-thumbnail","category-frankfurt-am-main","tag-abstieg","tag-albert-riera","tag-deutschland","tag-dieter-hecking","tag-eintracht-frankfurt","tag-frankfurt","tag-frankfurt-am-main","tag-fussball-bundesliga","tag-germany","tag-hessen","tag-mainz","tag-niedersachsen","tag-vfl-wolfsburg","tag-wolfsburg"],"share_on_mastodon":{"url":"https:\/\/pubeurope.com\/@de\/116387965314467500","error":""},"_links":{"self":[{"href":"https:\/\/www.europesays.com\/de\/wp-json\/wp\/v2\/posts\/938586","targetHints":{"allow":["GET"]}}],"collection":[{"href":"https:\/\/www.europesays.com\/de\/wp-json\/wp\/v2\/posts"}],"about":[{"href":"https:\/\/www.europesays.com\/de\/wp-json\/wp\/v2\/types\/post"}],"author":[{"embeddable":true,"href":"https:\/\/www.europesays.com\/de\/wp-json\/wp\/v2\/users\/2"}],"replies":[{"embeddable":true,"href":"https:\/\/www.europesays.com\/de\/wp-json\/wp\/v2\/comments?post=938586"}],"version-history":[{"count":0,"href":"https:\/\/www.europesays.com\/de\/wp-json\/wp\/v2\/posts\/938586\/revisions"}],"wp:featuredmedia":[{"embeddable":true,"href":"https:\/\/www.europesays.com\/de\/wp-json\/wp\/v2\/media\/938587"}],"wp:attachment":[{"href":"https:\/\/www.europesays.com\/de\/wp-json\/wp\/v2\/media?parent=938586"}],"wp:term":[{"taxonomy":"category","embeddable":true,"href":"https:\/\/www.europesays.com\/de\/wp-json\/wp\/v2\/categories?post=938586"},{"taxonomy":"post_tag","embeddable":true,"href":"https:\/\/www.europesays.com\/de\/wp-json\/wp\/v2\/tags?post=938586"}],"curies":[{"name":"wp","href":"https:\/\/api.w.org\/{rel}","templated":true}]}}