{"id":938703,"date":"2026-04-11T21:37:15","date_gmt":"2026-04-11T21:37:15","guid":{"rendered":"https:\/\/www.europesays.com\/de\/938703\/"},"modified":"2026-04-11T21:37:15","modified_gmt":"2026-04-11T21:37:15","slug":"nach-abc-alarm-an-berufsschule-in-dresden-keine-giftigen-substanzen-festgestellt","status":"publish","type":"post","link":"https:\/\/www.europesays.com\/de\/938703\/","title":{"rendered":"Nach ABC-Alarm an Berufsschule in Dresden: Keine giftigen Substanzen festgestellt"},"content":{"rendered":"<p class=\"text\">\nNach dem Feuerwehreinsatz an einem Berufsschul-Zentrum in Dresden-Johannstadt sind im betroffenen Geb\u00e4ude bislang keine giftigen Substanzen festgestellt worden. Feuerwehrsprecher Michael Klahre sagte MDR SACHSEN, man habe am Donnerstag viele Stunden lang das Haus durchsucht, aber keine Auff\u00e4lligkeiten festgestellt.\n<\/p>\n<p class=\"text\">\nDamit ist weiter unklar, was die Ursache f\u00fcr das Unwohlsein, Erbbrechen und die Atemwegsreizungen mehrerer Personen war. Wegen dieser Symptome waren 15 Personen untersucht worden, drei von ihnen kamen ins Krankenhaus. Wegen dem Vorfall war ein Gro\u00dfaufgebot von Feuerwehr und Polizei vor Ort. Die Berufsschule wurde vollst\u00e4ndig ger\u00e4umt.\n<\/p>\n<p>Schwieriger Einsatz in weit verzweigtem Haus<\/p>\n<p class=\"text\">\nDie Erkundungen und Messungen in dem gro\u00dfen und weit verzweigten Geb\u00e4udekomplex gestalteten sich laut Feuerwehr aufwendig.  Etwa 90 Einsatzkr\u00e4fte waren im Einsatz. Weil gerade Osterferien sind, fand kein regul\u00e4rer Unterricht statt. Allerdings waren der Feuerwehr zufolge vereinzelt Sch\u00fcler im Geb\u00e4ude.<\/p>\n","protected":false},"excerpt":{"rendered":"Nach dem Feuerwehreinsatz an einem Berufsschul-Zentrum in Dresden-Johannstadt sind im betroffenen Geb\u00e4ude bislang keine giftigen Substanzen festgestellt worden.&hellip;\n","protected":false},"author":2,"featured_media":938704,"comment_status":"","ping_status":"","sticky":false,"template":"","format":"standard","meta":{"footnotes":"","_share_on_mastodon":"0"},"categories":[1835],"tags":[62130,26198,3364,29,2386,985,30,81,14,859,3258],"class_list":["post-938703","post","type-post","status-publish","format-standard","has-post-thumbnail","category-dresden","tag-abc","tag-alarm","tag-de","tag-deutschland","tag-dresden","tag-feuerwehr","tag-germany","tag-mdr","tag-nachrichten","tag-sachsen","tag-verletzte"],"share_on_mastodon":{"url":"https:\/\/pubeurope.com\/@de\/116388236393578851","error":""},"_links":{"self":[{"href":"https:\/\/www.europesays.com\/de\/wp-json\/wp\/v2\/posts\/938703","targetHints":{"allow":["GET"]}}],"collection":[{"href":"https:\/\/www.europesays.com\/de\/wp-json\/wp\/v2\/posts"}],"about":[{"href":"https:\/\/www.europesays.com\/de\/wp-json\/wp\/v2\/types\/post"}],"author":[{"embeddable":true,"href":"https:\/\/www.europesays.com\/de\/wp-json\/wp\/v2\/users\/2"}],"replies":[{"embeddable":true,"href":"https:\/\/www.europesays.com\/de\/wp-json\/wp\/v2\/comments?post=938703"}],"version-history":[{"count":0,"href":"https:\/\/www.europesays.com\/de\/wp-json\/wp\/v2\/posts\/938703\/revisions"}],"wp:featuredmedia":[{"embeddable":true,"href":"https:\/\/www.europesays.com\/de\/wp-json\/wp\/v2\/media\/938704"}],"wp:attachment":[{"href":"https:\/\/www.europesays.com\/de\/wp-json\/wp\/v2\/media?parent=938703"}],"wp:term":[{"taxonomy":"category","embeddable":true,"href":"https:\/\/www.europesays.com\/de\/wp-json\/wp\/v2\/categories?post=938703"},{"taxonomy":"post_tag","embeddable":true,"href":"https:\/\/www.europesays.com\/de\/wp-json\/wp\/v2\/tags?post=938703"}],"curies":[{"name":"wp","href":"https:\/\/api.w.org\/{rel}","templated":true}]}}