{"id":938765,"date":"2026-04-11T22:12:26","date_gmt":"2026-04-11T22:12:26","guid":{"rendered":"https:\/\/www.europesays.com\/de\/938765\/"},"modified":"2026-04-11T22:12:26","modified_gmt":"2026-04-11T22:12:26","slug":"unverstaendliche-aussage-ueberfluessig-matthaeus-teilt-gegen-kahn-aus-sport","status":"publish","type":"post","link":"https:\/\/www.europesays.com\/de\/938765\/","title":{"rendered":"\u201eUnverst\u00e4ndliche Aussage \u2013 \u00fcberfl\u00fcssig\u201c: Matth\u00e4us teilt gegen Kahn aus | Sport"},"content":{"rendered":"<p><a class=\"skip-content skip-content--link\" href=\"#in-content-skip-link-target-v-0-0\">TTS-Player \u00fcberspringen\u21b5<\/a><a id=\"in-content-skip-link-target-v-0-0\" class=\"skip-content--target-link-hidden skip-content skip-content--target-link\" href=\"#in-content-skip-link-target-v-0-0\">Artikel weiterlesen<\/a><\/p>\n<p><b>Es war DAS Thema vor und nun auch nach dem <\/b><a href=\"https:\/\/www.bild.de\/sport\/fussball\/st-pauli-fc-bayern-michael-olise-legt-sich-mit-st-pauli-fans-an-69da568a63f4b33e848626ef\" class=\"text-link\" rel=\"nofollow noopener\" target=\"_blank\"><b>Bayern-Sieg beim FC St. Pauli (5:0)<\/b><\/a><b>. Unter der Woche war Oliver Kahn (56) zu Gast beim \u201eTriple \u2013 der Hagedorn Fu\u00dfballtalk\u201c auf \u201eSky\u201c. Auf die Frage, ob <\/b><a href=\"https:\/\/www.bild.de\/sport\/fussball\/wm-2026-kahn-raet-musiala-zu-absage-69d89bda0695c741e3c2844a\" class=\"text-link\" rel=\"nofollow noopener\" target=\"_blank\"><b>Jamal Musiala (23) \u00fcber eine WM-Absage nachdenken sollte, antwortete der Ex-Bayern-Boss klar<\/b><\/a><b>: \u201eAbsolut ja, nat\u00fcrlich.\u201c Hintergrund: der erlittene Wadenbeinbruch samt einiger B\u00e4nderrisse im Sprunggelenk im vergangenen Juli bei der Klub-WM gegen PSG.<\/b><\/p>\n<p>Schon w\u00e4hrend des ungef\u00e4hrdeten Bayern-Sieges \u00e4u\u00dferte sich Sky-Experte Lothar Matth\u00e4us (65) zur Kahn-Aussage (\u201eEs ist noch nicht der Zeitpunkt, um dar\u00fcber zu reden.\u201c). Nach dem Spiel verr\u00e4t der Sky-Experte zun\u00e4chst, wor\u00fcber er unter vier Augen mit Musiala gesprochen hat. Matth\u00e4us: \u201eIch habe ihm gesagt, dass er ein sehr gutes Spiel gemacht hat und stabil in seinen Aktionen geblieben ist. Ich gehe nicht nur vom Tor aus. Es ist nat\u00fcrlich ein sch\u00f6ner Moment, f\u00fcr jemanden, der nach einer schweren Verletzung seine Form suchen muss.\u201c<\/p>\n<p><img decoding=\"async\" width=\"992\" height=\"558\" alt=\"Oliver Kahn (56) war von Juli 2021 bis Mai 2023 Vorstandsvorsitzender bei den Bayern\" src=\"https:\/\/www.europesays.com\/de\/wp-content\/uploads\/2026\/04\/1e7268a1353fddb73fd625b819145d22,30bbe382.jpeg\"   class=\"landscape\" loading=\"lazy\"\/><\/p>\n<p class=\"fig__caption__text\">Oliver Kahn (56) war von Juli 2021 bis Mai 2023 Vorstandsvorsitzender bei den Bayern<\/p>\n<p>Foto: Sven Hoppe\/dpa<\/p>\n<p>Dann teilt Matth\u00e4us gegen Kahn aus. \u201eIch bin \u00fcberzeugt, dass er \u2013 anders als Oliver Kahn \u2013 bei der Weltmeisterschaft f\u00fcr Deutschland ganz wichtig werden kann\u201c, betont Matth\u00e4us. Der Experte f\u00fcgt mit einem L\u00e4cheln an: \u201eEs ist nicht das erste Mal, dass Oliver Kahn und ich eine andere Meinung haben.\u201c<\/p>\n<p>Im weiteren Verlauf des Gespr\u00e4chs merkt Matth\u00e4us an: \u201eOliver war selbst verantwortlich bei <a href=\"https:\/\/www.bild.de\/sport\/fussball\/bayern-muenchen\/startseite-fc-bayern-muenchen-31074450.bild.html\" class=\"text-link\" rel=\"nofollow noopener\" target=\"_blank\">Bayern<\/a>, hat sich vor die Mannschaft und jeden Spieler gestellt. Jetzt ist er in einer anderen Position und erz\u00e4hlt einem Spieler zweieinhalb Monate vor der WM, er solle auf die Weltmeisterschaft verzichten. Oliver Kahn hat nicht einmal auf eine Trainingseinheit verzichtet, wie Vincent Kompany es gesagt hat. F\u00fcr mich eine unverst\u00e4ndliche Aussage \u2013 \u00fcberfl\u00fcssig.\u201c<\/p>\n<p><img decoding=\"async\" width=\"992\" height=\"558\" alt=\"Jamal Musiala (23) war der Spieler des Spiels beim 5:0-Sieg der Bayern bei St. Pauli. Er traf zum 1:0 und bereitete das 4:0 vor\" src=\"https:\/\/www.europesays.com\/de\/wp-content\/uploads\/2026\/04\/a80cbd25f49c4b3b65659c6260cd6360,391f87ee.jpeg\"   class=\"landscape\" loading=\"lazy\"\/><\/p>\n<p class=\"fig__caption__text\">Jamal Musiala (23) war der Spieler des Spiels beim 5:0-Sieg der Bayern bei St. Pauli. Er traf zum 1:0 und bereitete das 4:0 vor<\/p>\n<p>Foto: Christian Charisius\/dpa<\/p>\n<p>Und weiter: \u201eMan kann sagen, dass er noch nicht in <a href=\"https:\/\/www.bild.de\/sport\/fussball\/fifa-wm-2026-QNToDBgFYEJ5vy2KN6mE\" class=\"text-link\" rel=\"nofollow noopener\" target=\"_blank\">WM<\/a>-Form ist. Er hat aber noch Wochen und Monate, wie andere Spieler auch. Jamals Ziel ist, aufgrund seines Ehrgeizes, aufgrund der Qualit\u00e4t, die er mitbringt, und aufgrund dessen, was er gezeigt hat, da wieder hinzukommen \u2013 und der deutschen Nationalmannschaft zu helfen, Weltmeister zu werden.\u201c<\/p>\n<p><a href=\"https:\/\/www.bild.de\/sport\/fussball\/fc-bayern-jamal-musiala-ist-jetzt-kinderbuch-autor-dfb-star-will-beim-lesenlernen-helfen-69d6930623891189a21d47df\" class=\"text-link\" rel=\"nofollow noopener\" target=\"_blank\">Jamal Musiala<\/a> \u00e4u\u00dferte sich selbst zur Frage, ob ein WM-Verzicht eine Option f\u00fcr ihn w\u00e4re: \u201eF\u00fcr mich nicht, nein. Auf jeden Fall will ich zur WM. Ich habe nicht gelesen, was er (Oliver Kahn, Anm. d. Red.) gesagt hat.\u201c<\/p>\n<p>Wenn Musiala an die gezeigte Leistung ankn\u00fcpft, d\u00fcrfte ihn Bundestrainer Julian Nagelsmann in jedem Fall f\u00fcr die WM in den USA, Kanada und Mexiko nominieren.<\/p>\n<p>Nach Kahn-Kritik: Goretzka verteidigt Musiala<a class=\"anchor video-teaser__anchor\" href=\"https:\/\/www.bild.de\/sport\/fussball\/nach-kahn-kritik-goretzka-verteidigt-musiala-69daa97e246b3860d502381f\" rel=\"nofollow noopener\" target=\"_blank\"><img decoding=\"async\" width=\"992\" height=\"558\" alt=\"\" src=\"https:\/\/www.europesays.com\/de\/wp-content\/uploads\/2026\/04\/de6c75cfd523f5a8e83935cb8bc096a1-landscape,2c09965.jpeg\"   class=\"landscape teaser__image\" loading=\"lazy\"\/><\/a><\/p>\n<p>Quelle: DFL11.04.2026<\/p>\n","protected":false},"excerpt":{"rendered":"TTS-Player \u00fcberspringen\u21b5Artikel weiterlesen Es war DAS Thema vor und nun auch nach dem Bayern-Sieg beim FC St. Pauli&hellip;\n","protected":false},"author":2,"featured_media":938766,"comment_status":"","ping_status":"","sticky":false,"template":"","format":"standard","meta":{"footnotes":"","_share_on_mastodon":"0"},"categories":[136],"tags":[1263,1260,29,538,458,30,116304,28747,1262,38745,265,1470,1576,45],"class_list":["post-938765","post","type-post","status-publish","format-standard","has-post-thumbnail","category-sport","tag-aufmacher-bereich","tag-deutsche-nationalmannschaft","tag-deutschland","tag-erste-bundesliga","tag-fc-bayern-muenchen","tag-germany","tag-kahn-oliver","tag-matthaeus-lothar","tag-muehlenbeck-marcus","tag-musiala-jamal","tag-sport","tag-sport-leuchtturm-muenchen","tag-super-a-teaser","tag-texttospeech"],"share_on_mastodon":{"url":"https:\/\/pubeurope.com\/@de\/116388374240383887","error":""},"_links":{"self":[{"href":"https:\/\/www.europesays.com\/de\/wp-json\/wp\/v2\/posts\/938765","targetHints":{"allow":["GET"]}}],"collection":[{"href":"https:\/\/www.europesays.com\/de\/wp-json\/wp\/v2\/posts"}],"about":[{"href":"https:\/\/www.europesays.com\/de\/wp-json\/wp\/v2\/types\/post"}],"author":[{"embeddable":true,"href":"https:\/\/www.europesays.com\/de\/wp-json\/wp\/v2\/users\/2"}],"replies":[{"embeddable":true,"href":"https:\/\/www.europesays.com\/de\/wp-json\/wp\/v2\/comments?post=938765"}],"version-history":[{"count":0,"href":"https:\/\/www.europesays.com\/de\/wp-json\/wp\/v2\/posts\/938765\/revisions"}],"wp:featuredmedia":[{"embeddable":true,"href":"https:\/\/www.europesays.com\/de\/wp-json\/wp\/v2\/media\/938766"}],"wp:attachment":[{"href":"https:\/\/www.europesays.com\/de\/wp-json\/wp\/v2\/media?parent=938765"}],"wp:term":[{"taxonomy":"category","embeddable":true,"href":"https:\/\/www.europesays.com\/de\/wp-json\/wp\/v2\/categories?post=938765"},{"taxonomy":"post_tag","embeddable":true,"href":"https:\/\/www.europesays.com\/de\/wp-json\/wp\/v2\/tags?post=938765"}],"curies":[{"name":"wp","href":"https:\/\/api.w.org\/{rel}","templated":true}]}}