{"id":938893,"date":"2026-04-11T23:29:49","date_gmt":"2026-04-11T23:29:49","guid":{"rendered":"https:\/\/www.europesays.com\/de\/938893\/"},"modified":"2026-04-11T23:29:49","modified_gmt":"2026-04-11T23:29:49","slug":"grippewelle-berlin-aktuell-zwei-gruppen-stark-betroffen","status":"publish","type":"post","link":"https:\/\/www.europesays.com\/de\/938893\/","title":{"rendered":"Grippewelle Berlin aktuell: Zwei Gruppen stark betroffen"},"content":{"rendered":"<p>Hunderte Influenza-Infektionen <\/p>\n<p>Grippewelle in Berlin: Zwei Gruppen stark betroffen<\/p>\n<p>Aktualisiert am 20.01.2026Lesedauer: 1 Min.<\/p>\n<p><a href=\"#focus-0\" class=\"transition-colors duration-200 block text-current relative\" data-sctrack=\"FocusGalleryImage.Reference\"><img fetchpriority=\"high\" data-testid=\"Opener.Image\" style=\"--lqipURL:url('https:\/\/images.t-online.de\/2026\/01\/0wD-giiMdmUN\/0x98:2048x1152\/fit-in\/150x0\/filters:blur(25)\/eine-grippe-beginnt-meistens-ploetzlich-mit-fieber-oder-einem-deutlichen-krankheitsgefuehl-symbolbild.jpg')\"   loading=\"eager\" src=\"https:\/\/www.europesays.com\/de\/wp-content\/uploads\/2026\/04\/eine-grippe-beginnt-meistens-ploetzlich-mit-fieber-oder-einem-deutlichen-krankheitsgefuehl-symbolbil.jpeg\" alt=\"Grippewelle\" title=\"Grippewelle\" width=\"2048\" height=\"1152\" class=\"bg-[url:var(--lqipURL)] bg-cover bg-center flex h-full w-full max-w-full\" decoding=\"async\"\/><img style=\"--width:32;--height:32\" loading=\"lazy\" src=\"https:\/\/berlin.t-online.de\/s\/paper\/_next\/static\/media\/zoom-in.f7dae02f.svg\" alt=\"Vergr\u00f6\u00dfern des Bildes\" title=\"Vergr\u00f6\u00dfern des Bildes\" class=\"block h-[calc(var(--height)_\/_16_*_1rem)] w-[calc(var(--width)_\/_16_*_1rem)] max-w-none absolute bottom-8 right-8 rounded-4 bg-snow p-8\" decoding=\"async\"\/><\/a><\/p>\n<p>Eine Grippe beginnt meistens pl\u00f6tzlich mit Fieber oder einem deutlichen Krankheitsgef\u00fchl. (Symbolbild): Besonders Kleinkinder und Senioren in Berlin sind derzeit betroffen. (Quelle: Julian Stratenschulte\/dpa\/dpa-bilder)<\/p>\n<p class=\"font-bold text-18 leading-17 user-text-lg:text-22 user-text-xl:text-24\">Die Grippewelle erfasst Berlin. Experten rechnen mit dem baldigen H\u00f6hepunkt der Infektionen. Wer besdonders betroffen ist.<\/p>\n<p class=\"text-18 leading-17 user-text-lg:text-22 user-text-xl:text-24\">Die Zahl der Grippe-Infektionen in Berlin ist in der zweiten Januarwoche 2026 auf 916 F\u00e4lle. Dies meldet das Landesamt f\u00fcr Gesundheit und Soziales (Lageso) in seinem epidemiologischen Wochenbericht.<\/p>\n<p class=\"text-18 leading-17 user-text-lg:text-22 user-text-xl:text-24\">Der Anstieg um 31 Prozent zur Vorwoche zeigt die Dynamik der aktuellen Grippewelle. Seit Oktober 2025 registrierte das Lageso bereits 3.754 F\u00e4lle \u2013 deutlich mehr als im Vorjahreszeitraum mit 2.125 Meldungen.<\/p>\n<p class=\"text-18 leading-17 user-text-lg:text-22 user-text-xl:text-24\">Laut dem Wochenbericht trifft die Grippe derzeit besonders Senioren \u00fcber 75 Jahre und Kleinkinder. Bei den \u00fcber 75-J\u00e4hrigen liegt die Inzidenz bei 75 Infektionen pro 100.000 Einwohner, bei Kindern unter zwei Jahren bei 68. Auch die Altersgruppe der 60- bis 74-J\u00e4hrigen verzeichnet einen deutlichen Anstieg.<\/p>\n<p class=\"text-18 leading-17 user-text-lg:text-22 user-text-xl:text-24\">Das Durchschnittsalter der Erkrankten liegt mit 62 Jahren erheblich h\u00f6her als bisher in dieser Saison (47 Jahre). Von 472 Patienten mit vollst\u00e4ndigen Daten kamen 201 ins Krankenhaus \u2013 jedoch nur ein Drittel prim\u00e4r wegen der Grippe.<\/p>\n<p class=\"text-18 leading-17 user-text-lg:text-22 user-text-xl:text-24\">Die Labore weisen nach Angaben des Lageso fast ausschlie\u00dflich Influenza-A-Viren nach (96 Prozent). Auch das Abwassermonitoring best\u00e4tige diesen Trend, zeige aber erstmals auch geringe Spuren von Influenza B, hie\u00df es.<\/p>\n<p class=\"text-18 leading-17 user-text-lg:text-22 user-text-xl:text-24\">Gesundheitsexperten erwarten den H\u00f6hepunkt der Grippewelle in K\u00fcrze. Die St\u00e4ndige Impfkommission empfiehlt die Schutzimpfung besonders f\u00fcr Menschen ab 60 Jahren, Schwangere und chronisch Kranke.<\/p>\n","protected":false},"excerpt":{"rendered":"Hunderte Influenza-Infektionen Grippewelle in Berlin: Zwei Gruppen stark betroffen Aktualisiert am 20.01.2026Lesedauer: 1 Min. Eine Grippe beginnt meistens&hellip;\n","protected":false},"author":2,"featured_media":938894,"comment_status":"","ping_status":"","sticky":false,"template":"","format":"standard","meta":{"footnotes":"","_share_on_mastodon":"0"},"categories":[1825],"tags":[121776,722,17161,1941,1939,296,1937,29,5084,30,13411,758,1940,1938],"class_list":["post-938893","post","type-post","status-publish","format-standard","has-post-thumbnail","category-berlin","tag-grippewelle","tag-722","tag-17161","tag-aktuelle-nachrichten-aus-berlin","tag-aktuelle-news-aus-berlin","tag-berlin","tag-berlin-news","tag-deutschland","tag-fieber","tag-germany","tag-grippe","tag-lageso","tag-nachrichten-aus-berlin","tag-news-aus-berlin"],"share_on_mastodon":{"url":"https:\/\/pubeurope.com\/@de\/116388676888255509","error":""},"_links":{"self":[{"href":"https:\/\/www.europesays.com\/de\/wp-json\/wp\/v2\/posts\/938893","targetHints":{"allow":["GET"]}}],"collection":[{"href":"https:\/\/www.europesays.com\/de\/wp-json\/wp\/v2\/posts"}],"about":[{"href":"https:\/\/www.europesays.com\/de\/wp-json\/wp\/v2\/types\/post"}],"author":[{"embeddable":true,"href":"https:\/\/www.europesays.com\/de\/wp-json\/wp\/v2\/users\/2"}],"replies":[{"embeddable":true,"href":"https:\/\/www.europesays.com\/de\/wp-json\/wp\/v2\/comments?post=938893"}],"version-history":[{"count":0,"href":"https:\/\/www.europesays.com\/de\/wp-json\/wp\/v2\/posts\/938893\/revisions"}],"wp:featuredmedia":[{"embeddable":true,"href":"https:\/\/www.europesays.com\/de\/wp-json\/wp\/v2\/media\/938894"}],"wp:attachment":[{"href":"https:\/\/www.europesays.com\/de\/wp-json\/wp\/v2\/media?parent=938893"}],"wp:term":[{"taxonomy":"category","embeddable":true,"href":"https:\/\/www.europesays.com\/de\/wp-json\/wp\/v2\/categories?post=938893"},{"taxonomy":"post_tag","embeddable":true,"href":"https:\/\/www.europesays.com\/de\/wp-json\/wp\/v2\/tags?post=938893"}],"curies":[{"name":"wp","href":"https:\/\/api.w.org\/{rel}","templated":true}]}}