{"id":938944,"date":"2026-04-12T00:00:51","date_gmt":"2026-04-12T00:00:51","guid":{"rendered":"https:\/\/www.europesays.com\/de\/938944\/"},"modified":"2026-04-12T00:00:51","modified_gmt":"2026-04-12T00:00:51","slug":"durlacher-schulmusikabend-2026-gemeinsames-konzert-in-der-karlsburg","status":"publish","type":"post","link":"https:\/\/www.europesays.com\/de\/938944\/","title":{"rendered":"Durlacher Schulmusikabend 2026: Gemeinsames Konzert in der Karlsburg"},"content":{"rendered":"<p>Vielfalt musikalischer Talente<\/p>\n<p>Das Konzert zeichnet sich durch ein abwechslungsreiches Programm aus, das die musikalische Bandbreite der teilnehmenden Schulen widerspiegelt. Neben den Ch\u00f6ren der Durlacher Grundschulen und des Markgrafen-Gymnasiums pr\u00e4sentieren auch S\u00e4ngerinnen mit Band der Friedrich-Realschule sowie der Schule am Turmberg ihr K\u00f6nnen.<\/p>\n<p>Die Veranstaltung bietet damit nicht nur jungen Talenten eine B\u00fchne, sondern auch dem Publikum die Gelegenheit, die Vielfalt schulischer Musikarbeit in Durlach hautnah zu erleben.<\/p>\n<p>Gemeinsamer Abschluss als H\u00f6hepunkt<\/p>\n<p>Ein besonderer Moment des Abends ist traditionell der gemeinsame Abschluss: Nach den einzelnen Darbietungen versammeln sich alle rund 100 beteiligten Sch\u00fclerinnen und Sch\u00fcler auf der B\u00fchne, um zusammen ein Lied zu singen. Dieser gemeinsame Auftritt steht symbolisch f\u00fcr den Zusammenhalt und die verbindende Kraft der Musik \u00fcber Schulgrenzen hinweg.<\/p>\n<p>Termin und Eintritt<\/p>\n<p>Der Durlacher Schulmusikabend findet am Mittwoch, 22. April 2026, um 18 Uhr im Festsaal der Karlsburg statt. Der Eintritt ist frei. Die Veranstalter freuen sich jedoch \u00fcber Spenden, die direkt den Musikprojekten der beteiligten Schulen zugutekommen.<\/p>\n<p>Mit seinem langj\u00e4hrigen Bestehen ist der Schulmusikabend l\u00e4ngst zu einer festen Gr\u00f6\u00dfe im kulturellen Leben Durlachs geworden \u2013 und verspricht auch in diesem Jahr wieder einen inspirierenden Abend voller Musik und Gemeinschaft.<\/p>\n","protected":false},"excerpt":{"rendered":"Vielfalt musikalischer Talente Das Konzert zeichnet sich durch ein abwechslungsreiches Programm aus, das die musikalische Bandbreite der teilnehmenden&hellip;\n","protected":false},"author":2,"featured_media":938945,"comment_status":"","ping_status":"","sticky":false,"template":"","format":"standard","meta":{"footnotes":"","_share_on_mastodon":"0"},"categories":[1844],"tags":[4568,1634,3364,29,20957,30,16510,8903,204806],"class_list":["post-938944","post","type-post","status-publish","format-standard","has-post-thumbnail","category-karlsruhe","tag-schulen","tag-baden-wuerttemberg","tag-de","tag-deutschland","tag-durlach","tag-germany","tag-karlsburg","tag-karlsruhe","tag-schulmusikabend"],"share_on_mastodon":{"url":"https:\/\/pubeurope.com\/@de\/116388802345190028","error":""},"_links":{"self":[{"href":"https:\/\/www.europesays.com\/de\/wp-json\/wp\/v2\/posts\/938944","targetHints":{"allow":["GET"]}}],"collection":[{"href":"https:\/\/www.europesays.com\/de\/wp-json\/wp\/v2\/posts"}],"about":[{"href":"https:\/\/www.europesays.com\/de\/wp-json\/wp\/v2\/types\/post"}],"author":[{"embeddable":true,"href":"https:\/\/www.europesays.com\/de\/wp-json\/wp\/v2\/users\/2"}],"replies":[{"embeddable":true,"href":"https:\/\/www.europesays.com\/de\/wp-json\/wp\/v2\/comments?post=938944"}],"version-history":[{"count":0,"href":"https:\/\/www.europesays.com\/de\/wp-json\/wp\/v2\/posts\/938944\/revisions"}],"wp:featuredmedia":[{"embeddable":true,"href":"https:\/\/www.europesays.com\/de\/wp-json\/wp\/v2\/media\/938945"}],"wp:attachment":[{"href":"https:\/\/www.europesays.com\/de\/wp-json\/wp\/v2\/media?parent=938944"}],"wp:term":[{"taxonomy":"category","embeddable":true,"href":"https:\/\/www.europesays.com\/de\/wp-json\/wp\/v2\/categories?post=938944"},{"taxonomy":"post_tag","embeddable":true,"href":"https:\/\/www.europesays.com\/de\/wp-json\/wp\/v2\/tags?post=938944"}],"curies":[{"name":"wp","href":"https:\/\/api.w.org\/{rel}","templated":true}]}}