{"id":939064,"date":"2026-04-12T01:14:20","date_gmt":"2026-04-12T01:14:20","guid":{"rendered":"https:\/\/www.europesays.com\/de\/939064\/"},"modified":"2026-04-12T01:14:20","modified_gmt":"2026-04-12T01:14:20","slug":"motorradfahrer-stirbt-bei-unfall-auf-der-b313-zwischen-oberstetten-und-pfronstetten-blaulicht-news-reutlinger-general-anzeiger","status":"publish","type":"post","link":"https:\/\/www.europesays.com\/de\/939064\/","title":{"rendered":"Motorradfahrer stirbt bei Unfall auf der B313 zwischen Oberstetten\u00a0und Pfronstetten &#8211; Blaulicht-News &#8211; Reutlinger General-Anzeiger"},"content":{"rendered":"<p>HOHENSTEIN. Zu einem folgenschweren Verkehrsunfall ist es am Samstagnachmittag auf der B312 zwischen Oberstetten und Pfronstetten gekommen. Gegen 15 Uhr befuhr ein 26-j\u00e4hriger Motorradfahrer mit seiner Suzuki die B312 in Fahrtrichtung Pfronstetten, berichtet die Polizei. Aus bislang ungekl\u00e4rter Ursache geriet der 26-J\u00e4hrige in einer Rechtskurve auf die Gegenfahrbahn und kollidierte dort mit einem entgegenkommenden BMW eines 70-J\u00e4hrigen. Durch die Kollision erlitt der 26-j\u00e4hrigen Motorradfahrer so schwere Verletzungen, dass er noch an der Unfallstelle verstarb.<\/p>\n<p>Der 70-j\u00e4hrige BMW-Fahrer musste mit leichten Verletzungen nach medizinischer Erstversorgung mit einem Rettungswagen in eine Klink verbracht werden. Seine 69-j\u00e4hrige Beifahrerin musste hingegen mittels eines Rettungshubschraubers mit schweren Verletzungen in eine Klinik geflogen werden.<\/p>\n<p>Zur Kl\u00e4rung des Sachverhalts hat die Staatsanwaltschaft T\u00fcbingen ein Gutachter beauftragt. Der Sachschaden bel\u00e4uft sich auf circa 45.000 Euro. Beide Fahrzeuge waren nicht mehr fahrbereit und mussten durch Abschleppunternehmen abtransportiert werden. Die B312 ist voraussichtlich bis in die Abendstunden voll gesperrt. (pol)<\/p>\n","protected":false},"excerpt":{"rendered":"HOHENSTEIN. Zu einem folgenschweren Verkehrsunfall ist es am Samstagnachmittag auf der B312 zwischen Oberstetten und Pfronstetten gekommen. Gegen&hellip;\n","protected":false},"author":2,"featured_media":939065,"comment_status":"","ping_status":"","sticky":false,"template":"","format":"standard","meta":{"footnotes":"","_share_on_mastodon":"0"},"categories":[2],"tags":[29,30,13,57941,14,15,12,10,8,9,11],"class_list":["post-939064","post","type-post","status-publish","format-standard","has-post-thumbnail","category-deutschland","tag-deutschland","tag-germany","tag-headlines","tag-hohenstein","tag-nachrichten","tag-news","tag-schlagzeilen","tag-top-news","tag-top-meldungen","tag-topmeldungen","tag-topnews"],"share_on_mastodon":{"url":"https:\/\/pubeurope.com\/@de\/116389089646002206","error":""},"_links":{"self":[{"href":"https:\/\/www.europesays.com\/de\/wp-json\/wp\/v2\/posts\/939064","targetHints":{"allow":["GET"]}}],"collection":[{"href":"https:\/\/www.europesays.com\/de\/wp-json\/wp\/v2\/posts"}],"about":[{"href":"https:\/\/www.europesays.com\/de\/wp-json\/wp\/v2\/types\/post"}],"author":[{"embeddable":true,"href":"https:\/\/www.europesays.com\/de\/wp-json\/wp\/v2\/users\/2"}],"replies":[{"embeddable":true,"href":"https:\/\/www.europesays.com\/de\/wp-json\/wp\/v2\/comments?post=939064"}],"version-history":[{"count":0,"href":"https:\/\/www.europesays.com\/de\/wp-json\/wp\/v2\/posts\/939064\/revisions"}],"wp:featuredmedia":[{"embeddable":true,"href":"https:\/\/www.europesays.com\/de\/wp-json\/wp\/v2\/media\/939065"}],"wp:attachment":[{"href":"https:\/\/www.europesays.com\/de\/wp-json\/wp\/v2\/media?parent=939064"}],"wp:term":[{"taxonomy":"category","embeddable":true,"href":"https:\/\/www.europesays.com\/de\/wp-json\/wp\/v2\/categories?post=939064"},{"taxonomy":"post_tag","embeddable":true,"href":"https:\/\/www.europesays.com\/de\/wp-json\/wp\/v2\/tags?post=939064"}],"curies":[{"name":"wp","href":"https:\/\/api.w.org\/{rel}","templated":true}]}}