{"id":939179,"date":"2026-04-12T02:26:21","date_gmt":"2026-04-12T02:26:21","guid":{"rendered":"https:\/\/www.europesays.com\/de\/939179\/"},"modified":"2026-04-12T02:26:21","modified_gmt":"2026-04-12T02:26:21","slug":"kurz-vor-mitternacht-union-berlin-entlaesst-trainer-baumgart-eta-uebernimmt","status":"publish","type":"post","link":"https:\/\/www.europesays.com\/de\/939179\/","title":{"rendered":"Kurz vor Mitternacht: Union Berlin entl\u00e4sst Trainer Baumgart, Eta \u00fcbernimmt"},"content":{"rendered":"<p>\u201eAbsolut entt\u00e4uschende R\u00fcckrunde\u201c\u00a0<\/p>\n<p>                                    <img decoding=\"async\" src=\"https:\/\/www.europesays.com\/de\/wp-content\/uploads\/2025\/09\/steffen-baumgart-union-berlin-2025-26-1758636329-178433.jpg\" title=\"Kurz vor Mitternacht: Union Berlin entl\u00e4sst Trainer Baumgart, Eta \u00fcbernimmt\" alt=\"Kurz vor Mitternacht: Union Berlin entl\u00e4sst Trainer Baumgart, Eta \u00fcbernimmt\"\/><\/p>\n<p>\n                                       \u00a9IMAGO\n                                    <\/p>\n<p>Unerwartete Entlassung in der <a title=\"Bundesliga\" href=\"https:\/\/www.transfermarkt.ch\/bundesliga\/startseite\/wettbewerb\/L1\" target=\"_blank\" rel=\"nofollow noopener\">Bundesliga<\/a> zu einem ungew\u00f6hnlichen Zeitpunkt: <a title=\"1.FC Union Berlin\" href=\"https:\/\/www.transfermarkt.ch\/1fc-union-berlin\/startseite\/verein\/89\" target=\"_blank\" rel=\"nofollow noopener\">Union Berlin<\/a> hat sich kurz vor Mitternacht von Coach <a title=\"Steffen Baumgart\" href=\"https:\/\/www.transfermarkt.ch\/steffen-baumgart\/profil\/trainer\/9622\" target=\"_blank\" rel=\"nofollow noopener\">Steffen Baumgart<\/a> getrennt. <a title=\"Marie-Louise Eta\" href=\"https:\/\/www.transfermarkt.ch\/marie-louise-eta\/profil\/trainer\/118097\" target=\"_blank\" rel=\"nofollow noopener\">Marie-Louise Eta<\/a>, bisherige Trainerin der U19-Junioren und k\u00fcnftige Cheftrainerin der Frauenmannschaft bei den K\u00f6penickern, \u00fcbernimmt bis zum Saisonende. Neben Baumgart wurden auch die Assistenten <a title=\"Danilo de Souza\" href=\"https:\/\/www.transfermarkt.ch\/danilo-de-souza\/profil\/trainer\/63679\" target=\"_blank\" rel=\"nofollow noopener\">Danilo de Souza<\/a> und <a title=\"Kevin McKenna\" href=\"https:\/\/www.transfermarkt.ch\/kevin-mckenna\/profil\/trainer\/41131\" target=\"_blank\" rel=\"nofollow noopener\">Kevin McKenna<\/a> freigestellt.<\/p>\n<p><\/p>\n<p>Gesch\u00e4ftsf\u00fchrer <a title=\"Horst Heldt\" href=\"https:\/\/www.transfermarkt.ch\/horst-heldt\/profil\/trainer\/3201\" target=\"_blank\" rel=\"nofollow noopener\">Horst Heldt<\/a> erkl\u00e4rte: \u201eWir spielen bisher eine absolut entt\u00e4uschende R\u00fcckrunde und lassen uns vom Tabellenstand nicht blenden: Unsere Lage ist nach wie vor bedrohlich und wir ben\u00f6tigen dringend Punkte, um den Ligaverbleib zu sichern. Zwei Siege aus vierzehn Spielen seit der Winterpause und die gezeigten Leistungen in den letzten Wochen geben uns nicht die \u00dcberzeugung, dass uns eine Trendumkehr in der bisherigen Konstellation noch gelingt. Wir haben daher entschieden, jetzt noch einmal neu anzusetzen. Ich freue mich, dass Marie-Louise Eta sich bereit erkl\u00e4rt hat, diese Aufgabe interimistisch zu \u00fcbernehmen, bevor sie im Sommer wie geplant Cheftrainerin der Profimannschaft der Frauen wird.\u201c<\/p>\n<p><\/p>\n<p>Der Manager sagte weiter: \u201eSteffen Baumgart, Danilo de Souza und Kevin McKenna gilt unser Dank f\u00fcr die geleistete Arbeit, der wir den sicheren Klassenerhalt in der Vorsaison und eine gute Punktausbeute in der Hinrunde verdanken. Wir w\u00fcnschen ihnen beruflich und privat alles Gute.\u201c Eta, die die Aufgabe bei der Herren-Profimannschaft mit sofortiger Wirkung antritt, meinte: \u201eDer Verbleib in der Bundesliga ist angesichts der Punkteabst\u00e4nde in der unteren Tabellenh\u00e4lfte noch nicht gesichert. Ich freue mich, dass mir der Verein diese anspruchsvolle Aufgabe anvertraut. Eine St\u00e4rke von Union war und ist es, in solchen Situationen gemeinsam alle Kr\u00e4fte zu b\u00fcndeln. Und nat\u00fcrlich habe ich die \u00dcberzeugung, dass wir mit dem Team die entscheidenden Punkte holen.\u201c<\/p>\n<p>\nUnion Berlin verl\u00e4ngerte erst im Januar mit Trainer Baumgart<\/p>\n<p>Union hatte am Samstagnachmittag 1:3 bei Schlusslicht 1. FC Heidenheim verloren. <a href=\"https:\/\/www.transfermarkt.ch\/bundesliga\/formtabelle\/wettbewerb\/L1?saison_id=2025&amp;min=18&amp;max=29\" target=\"_blank\" rel=\"nofollow noopener\">In der R\u00fcckrundentabelle sind die Eisernen 16.<\/a> mit zwei Siegen, drei Remis und sieben Niederlagen. Nach 29 bestrittenen Partien steht Platz 11 zu Buche, der Abstand zu Relegationsrang 16 betr\u00e4gt sieben Z\u00e4hler. Baumgart war seit Januar 2025 im Amt und kam auf einen Punkteschnitt von 1,22.<\/p>\n<p><a class=\"innews\" href=\"https:\/\/www.transfermarkt.ch\/1fc-union-berlin\/startseite\/verein\/89\" target=\"_blank\" rel=\"nofollow noopener\"><br \/>\n    <img loading=\"lazy\" decoding=\"async\" class=\"innews\" src=\"https:\/\/www.europesays.com\/de\/wp-content\/uploads\/2025\/04\/banner-vereinsforen-2024-25-union-berlin-baumgart-1735558504-157559.jpg\" alt=\"\" width=\"503\" height=\"148\"\/><\/p>\n<p><\/a><\/p>\n<p><a href=\"https:\/\/www.transfermarkt.ch\/union-berlin-verlangert-mit-baumgart-trainer-brachte-stabilitat-und-klarheit-quot-\/view\/news\/473604\" target=\"_blank\" rel=\"nofollow noopener\">Der 54 Jahre alte Rostocker hatte seinen auslaufenden Vertrag erst Mitte Januar verl\u00e4ngert.<\/a> Der vorherige K\u00f6ln- und HSV-Trainer \u00fcbernahm das Team, als es sich unter Vorg\u00e4nger <a title=\"Bo Svensson\" href=\"https:\/\/www.transfermarkt.ch\/bo-svensson\/profil\/trainer\/35997\" target=\"_blank\" rel=\"nofollow noopener\">Bo Svensson<\/a> 2024\/25 auf dem absteigenden Ast befand. Am 30. Spieltag stand der Klassenerhalt fest. \u201eSteffen hat die Mannschaft in einer schwierigen Phase \u00fcbernommen und es geschafft, ihr Stabilit\u00e4t und Klarheit zu geben\u201c, begr\u00fcndete Manager Heldt damals die Entscheidung, langfristig auf Baumgart setzen zu wollen. \u201eDie Entwicklung der vergangenen Monate zeigt, dass wir auf einem guten Weg sind. Wir sp\u00fcren t\u00e4glich, wie geschlossen hier auf dem Platz und dar\u00fcber hinaus gearbeitet wird. Deshalb sind wir davon \u00fcberzeugt, diesen Weg gemeinsam weiterzugehen.\u201c Die Wege haben sich nun vorzeitig getrennt.<\/p>\n<p><\/p>\n<p>In Eta wird erstmals eine Frau als Cheftrainerin einen M\u00e4nner-Bundesligisten anleiten. F\u00fcr sie ist die Herausforderung kein komplettes Neuland. Bereits von November 2023 bis Mai 2024 hatte die 34-J\u00e4hrige als Co-Trainerin den Abstiegskampf der K\u00f6penicker begleitet.<\/p>\n<p><\/p>\n","protected":false},"excerpt":{"rendered":"\u201eAbsolut entt\u00e4uschende R\u00fcckrunde\u201c\u00a0 \u00a9IMAGO Unerwartete Entlassung in der Bundesliga zu einem ungew\u00f6hnlichen Zeitpunkt: Union Berlin hat sich kurz&hellip;\n","protected":false},"author":2,"featured_media":445315,"comment_status":"","ping_status":"","sticky":false,"template":"","format":"standard","meta":{"footnotes":"","_share_on_mastodon":"0"},"categories":[1825],"tags":[297,296,299,204849,29,30,204802,29549,21270],"class_list":["post-939179","post","type-post","status-publish","format-standard","has-post-thumbnail","category-berlin","tag-1-fc-union-berlin","tag-berlin","tag-bundesliga","tag-danilo-de-souza","tag-deutschland","tag-germany","tag-kevin-mckenna","tag-marie-louise-eta","tag-steffen-baumgart"],"share_on_mastodon":{"url":"https:\/\/pubeurope.com\/@de\/116389372748816750","error":""},"_links":{"self":[{"href":"https:\/\/www.europesays.com\/de\/wp-json\/wp\/v2\/posts\/939179","targetHints":{"allow":["GET"]}}],"collection":[{"href":"https:\/\/www.europesays.com\/de\/wp-json\/wp\/v2\/posts"}],"about":[{"href":"https:\/\/www.europesays.com\/de\/wp-json\/wp\/v2\/types\/post"}],"author":[{"embeddable":true,"href":"https:\/\/www.europesays.com\/de\/wp-json\/wp\/v2\/users\/2"}],"replies":[{"embeddable":true,"href":"https:\/\/www.europesays.com\/de\/wp-json\/wp\/v2\/comments?post=939179"}],"version-history":[{"count":0,"href":"https:\/\/www.europesays.com\/de\/wp-json\/wp\/v2\/posts\/939179\/revisions"}],"wp:featuredmedia":[{"embeddable":true,"href":"https:\/\/www.europesays.com\/de\/wp-json\/wp\/v2\/media\/445315"}],"wp:attachment":[{"href":"https:\/\/www.europesays.com\/de\/wp-json\/wp\/v2\/media?parent=939179"}],"wp:term":[{"taxonomy":"category","embeddable":true,"href":"https:\/\/www.europesays.com\/de\/wp-json\/wp\/v2\/categories?post=939179"},{"taxonomy":"post_tag","embeddable":true,"href":"https:\/\/www.europesays.com\/de\/wp-json\/wp\/v2\/tags?post=939179"}],"curies":[{"name":"wp","href":"https:\/\/api.w.org\/{rel}","templated":true}]}}