{"id":939601,"date":"2026-04-12T06:50:18","date_gmt":"2026-04-12T06:50:18","guid":{"rendered":"https:\/\/www.europesays.com\/de\/939601\/"},"modified":"2026-04-12T06:50:18","modified_gmt":"2026-04-12T06:50:18","slug":"nur-supertalent-seixas-besser-lipowitz-holt-im-baskenland-bestes-deutsches-ergebnis-seit-2011","status":"publish","type":"post","link":"https:\/\/www.europesays.com\/de\/939601\/","title":{"rendered":"Nur Supertalent Seixas besser: Lipowitz holt im Baskenland bestes deutsches Ergebnis seit 2011"},"content":{"rendered":"<p>Nur Supertalent Seixas besserLipowitz holt im Baskenland bestes deutsches Ergebnis seit 2011<\/p>\n<p>12.04.2026, 07:14 Uhr <\/p>\n<p>Artikel anh\u00f6ren(02:24 min)<\/p>\n<p><img decoding=\"async\" class=\"Image_img__fQCi0 Image_Img_16_9__4BLfH widget-picture-inline_maximizable__t_E7h\" loading=\"eager\" fetchpriority=\"high\" src=\"https:\/\/www.europesays.com\/de\/wp-content\/uploads\/2026\/04\/11-04-2026-Itzulia-Basque-Country-Tappa-06-Goizper-Antzuola-Bergara-2026-Decathlon-Cma-Cgm-2026-Red-.webp\" alt=\"11-04-2026-Itzulia-Basque-Country-Tappa-06-Goizper-Antzuola-Bergara-2026-Decathlon-Cma-Cgm-2026-Red-Bull-Bora-Hansgrohe-2026-Ineos-Grenadiers-Seixas-Paul-Lipowitz-Florian-Johannessen-Tobias-Halland-Bergara-PUBLICATIONxNOTxINxITAxFRAxNED\"\/>Seixas (m.), Lipowitz (l.) und Johannessen schafften es aufs Podest. (Foto: IMAGO\/Sirotti)TeilenFolgen auf:<a href=\"https:\/\/www.whatsapp.com\/channel\/0029Va5cdVJD8SDp5YZgYF01\" title=\"Auf WhatsApp folgen\" target=\"_blank\" rel=\"nofollow noopener\"><img decoding=\"async\" src=\"https:\/\/www.n-tv.de\/socialIcons\/whatsapp.svg\" alt=\"whatsapp\" class=\"ArticleShare_icon__FsrC2\"\/><\/a><a href=\"https:\/\/news.google.com\/publications\/CAAiEPMdif5mpRNxiLOeUpHCwwsqFAgKIhDzHYn-ZqUTcYiznlKRwsML?hl=de&amp;gl=DE&amp;ceid=DE%3Ade\" title=\"Auf Google News folgen\" target=\"_blank\" rel=\"nofollow noopener\"><img decoding=\"async\" src=\"https:\/\/www.n-tv.de\/socialIcons\/google.svg\" alt=\"whatsapp\" class=\"ArticleShare_icon__FsrC2\"\/><\/a><\/p>\n<p class=\"Typography_text-m__XI0da Typography_weight-bold__uT6mq storyline_lead_text_leadtext__q_wg8\">Radprofi Florian Lipowitz kommt immer besser in Form. Nach Platz drei bei Katalonien-Rundfahrt holt er die n\u00e4chste Top-Platzierung. Nur das Wunderkind des Radsports ist besser. Jetzt wartet ein Duell mit dem ganz gro\u00dfen Star der Szene.<\/p>\n<p class=\"Typography_text-default__P3otY Typography_weight-normal__pqUbH storyline_paragraph_p__qSR5N\">Nach dem Sekunden-Krimi im str\u00f6menden Regen war Florian Lipowitz erleichtert. &#8222;Eine harte Woche geht zu Ende. Es war eine wirklich schwere Etappe. Ich bin froh, dass wir trotzdem noch den zweiten Platz sichern konnten, auch wenn es am Ende nur drei Sekunden waren&#8220;, sagte der deutsche Radstar, nachdem er zum Abschluss der Baskenland-Rundfahrt den zweiten Gesamtrang gerade noch vor dem Norweger Tobias Johannessen gerettet hatte.<\/p>\n<p class=\"Typography_text-default__P3otY Typography_weight-normal__pqUbH storyline_paragraph_p__qSR5N\">Der Tour-de-France-Dritte liegt beim Formaufbau f\u00fcr den Saison-H\u00f6hepunkt voll im Plan. Nach dem dritten Gesamtrang bei der hochklassig besetzten Katalonien-Rundfahrt schaffte es der 25-J\u00e4hrige wieder auf das Podest. Damit sorgte Lipowitz f\u00fcr die beste deutsche Platzierung bei dem Traditionsrennen seit dem Sieg von Andreas Kl\u00f6den im Jahr 2011.<\/p>\n<p class=\"Typography_text-default__P3otY Typography_weight-normal__pqUbH storyline_paragraph_p__qSR5N\">Nur das franz\u00f6sische Supertalent Paul Seixas war dieses Mal nicht zu schlagen. Der 19-J\u00e4hrige, der insgesamt drei Tagessiege im Baskenland holte, hatte nach sechs schweren Etappen mit vielen H\u00f6henmetern insgesamt 2:30 Minuten Vorsprung auf Lipowitz.<\/p>\n<p>Ende April folgt die Tour de Romandie<\/p>\n<p class=\"Typography_text-default__P3otY Typography_weight-normal__pqUbH storyline_paragraph_p__qSR5N\">Daf\u00fcr dass die deutsche Radsport-Hoffnung erst kurzfristig an den Start gegangen war, ist das Ergebnis f\u00fcr Lipowitz beachtlich. Zum Vergleich: Der eigentlich als Kapit\u00e4n vorgesehene Altstar Primoz Roglic belegte nur Platz 16.<\/p>\n<p class=\"Typography_text-default__P3otY Typography_weight-normal__pqUbH storyline_paragraph_p__qSR5N\">&#8222;Jetzt hei\u00dft es auf jeden Fall, ein paar Tage zu regenerieren und sich dann auf die n\u00e4chsten Ziele vorzubereiten&#8220;, betonte Lipowitz. Ende April kann er sich dann bei der Tour de Romandie mit Superstar Tadej Pogacar messen. Der viermalige Tour-Champion wird dann auch beim Saison-Highlight in Frankreich der Gradmesser sein.<\/p>\n<p class=\"Typography_text-default__P3otY Typography_weight-normal__pqUbH storyline_paragraph_p__qSR5N\">Wom\u00f6glich kommt es f\u00fcr Lipowitz im Kampf um einen Tour-Podestplatz dann auch zum erneuten Duell mit Seixas. Frankreichs Jungstar soll in den kommenden Jahren bei der Tour endlich f\u00fcr den ersten Gesamtsieg eines einheimischen Fahrers nach mehr als 40 Jahren sorgen. Den bislang letzten franz\u00f6sischen Sieg hatte Bernard Hinault 1985 geschafft.<\/p>\n<p class=\"Typography_text-s__wu_cm Typography_weight-normal__pqUbH Typography_color-darkgrey__sZEnP article-detail-footer_source__KslPc\">Quelle: ntv.de, sue\/dpa<\/p>\n","protected":false},"excerpt":{"rendered":"Nur Supertalent Seixas besserLipowitz holt im Baskenland bestes deutsches Ergebnis seit 2011 12.04.2026, 07:14 Uhr Artikel anh\u00f6ren(02:24 min)&hellip;\n","protected":false},"author":2,"featured_media":939602,"comment_status":"","ping_status":"","sticky":false,"template":"","format":"standard","meta":{"footnotes":"","_share_on_mastodon":"0"},"categories":[1773],"tags":[29,214,62631,30,9408,204903,471,1780,265,9410,215],"class_list":["post-939601","post","type-post","status-publish","format-standard","has-post-thumbnail","category-serien","tag-deutschland","tag-entertainment","tag-florian-lipowitz","tag-germany","tag-radsport","tag-red-bull-radsport","tag-serien","tag-series","tag-sport","tag-tadej-pogacar","tag-unterhaltung"],"share_on_mastodon":{"url":"https:\/\/pubeurope.com\/@de\/116390410957720419","error":""},"_links":{"self":[{"href":"https:\/\/www.europesays.com\/de\/wp-json\/wp\/v2\/posts\/939601","targetHints":{"allow":["GET"]}}],"collection":[{"href":"https:\/\/www.europesays.com\/de\/wp-json\/wp\/v2\/posts"}],"about":[{"href":"https:\/\/www.europesays.com\/de\/wp-json\/wp\/v2\/types\/post"}],"author":[{"embeddable":true,"href":"https:\/\/www.europesays.com\/de\/wp-json\/wp\/v2\/users\/2"}],"replies":[{"embeddable":true,"href":"https:\/\/www.europesays.com\/de\/wp-json\/wp\/v2\/comments?post=939601"}],"version-history":[{"count":0,"href":"https:\/\/www.europesays.com\/de\/wp-json\/wp\/v2\/posts\/939601\/revisions"}],"wp:featuredmedia":[{"embeddable":true,"href":"https:\/\/www.europesays.com\/de\/wp-json\/wp\/v2\/media\/939602"}],"wp:attachment":[{"href":"https:\/\/www.europesays.com\/de\/wp-json\/wp\/v2\/media?parent=939601"}],"wp:term":[{"taxonomy":"category","embeddable":true,"href":"https:\/\/www.europesays.com\/de\/wp-json\/wp\/v2\/categories?post=939601"},{"taxonomy":"post_tag","embeddable":true,"href":"https:\/\/www.europesays.com\/de\/wp-json\/wp\/v2\/tags?post=939601"}],"curies":[{"name":"wp","href":"https:\/\/api.w.org\/{rel}","templated":true}]}}