{"id":939611,"date":"2026-04-12T06:55:20","date_gmt":"2026-04-12T06:55:20","guid":{"rendered":"https:\/\/www.europesays.com\/de\/939611\/"},"modified":"2026-04-12T06:55:20","modified_gmt":"2026-04-12T06:55:20","slug":"weiss-und-beige-sind-out-diese-farbkombi-ist-2026-trend","status":"publish","type":"post","link":"https:\/\/www.europesays.com\/de\/939611\/","title":{"rendered":"Wei\u00df und Beige sind out \u2013 diese Farbkombi ist 2026 Trend"},"content":{"rendered":"<p class=\"sc-dr8wih-0 kkVLNV paragraph-splittext-entityType_not_set ab-splittext-entityType_not_set\">Es gibt unz\u00e4hlige <strong>Farbkombinationen<\/strong>, doch im <a class=\"sc-dr8wih-0 iqLoze paragraph-splittext-entityType_not_set ab-splittext-entityType_not_set\" data-entity-type=\"taxonomy_term\" data-entity-uuid=\"3a05debd-380e-4a4a-8928-dc89ddd55649\" data-entity-substitution=\"canonical\" rel=\"follow nofollow noopener\" href=\"https:\/\/www.harpersbazaar.de\/tags\/modetrends-fruehjahr-sommer\" target=\"_blank\">Sommer 2026<\/a> sehnen wir uns nach frischen, hellen und fr\u00f6hlichen T\u00f6nen. Der Winter war viel zu lang und brachte eine Vorherrschaft dunkler Farben mit sich. Braun, Bordeauxrot, Tannengr\u00fcn, Schwarz und Grau bestimmten die Garderoben vieler modebewusster Frauen. Diese Farben sind zweifellos perfekt f\u00fcr den Winter geeignet, aber mit dem Sommer 2026 darf es gerne wieder freundlicher werden. Die Kombination aus Beige und Wei\u00df haben wir mittlerweile zur Gen\u00fcge gesehen. Es ist Zeit f\u00fcr eine ebenso frische Alternative!<\/p>\n","protected":false},"excerpt":{"rendered":"Es gibt unz\u00e4hlige Farbkombinationen, doch im Sommer 2026 sehnen wir uns nach frischen, hellen und fr\u00f6hlichen T\u00f6nen. Der&hellip;\n","protected":false},"author":2,"featured_media":939612,"comment_status":"","ping_status":"","sticky":false,"template":"","format":"standard","meta":{"footnotes":"","_share_on_mastodon":"0"},"categories":[155],"tags":[29,214,23883,30,280,182141,215],"class_list":["post-939611","post","type-post","status-publish","format-standard","has-post-thumbnail","category-unterhaltung","tag-deutschland","tag-entertainment","tag-fashion","tag-germany","tag-modetrends","tag-modetrends-fruehjahr-sommer","tag-unterhaltung"],"share_on_mastodon":{"url":"https:\/\/pubeurope.com\/@de\/116390430489199750","error":""},"_links":{"self":[{"href":"https:\/\/www.europesays.com\/de\/wp-json\/wp\/v2\/posts\/939611","targetHints":{"allow":["GET"]}}],"collection":[{"href":"https:\/\/www.europesays.com\/de\/wp-json\/wp\/v2\/posts"}],"about":[{"href":"https:\/\/www.europesays.com\/de\/wp-json\/wp\/v2\/types\/post"}],"author":[{"embeddable":true,"href":"https:\/\/www.europesays.com\/de\/wp-json\/wp\/v2\/users\/2"}],"replies":[{"embeddable":true,"href":"https:\/\/www.europesays.com\/de\/wp-json\/wp\/v2\/comments?post=939611"}],"version-history":[{"count":0,"href":"https:\/\/www.europesays.com\/de\/wp-json\/wp\/v2\/posts\/939611\/revisions"}],"wp:featuredmedia":[{"embeddable":true,"href":"https:\/\/www.europesays.com\/de\/wp-json\/wp\/v2\/media\/939612"}],"wp:attachment":[{"href":"https:\/\/www.europesays.com\/de\/wp-json\/wp\/v2\/media?parent=939611"}],"wp:term":[{"taxonomy":"category","embeddable":true,"href":"https:\/\/www.europesays.com\/de\/wp-json\/wp\/v2\/categories?post=939611"},{"taxonomy":"post_tag","embeddable":true,"href":"https:\/\/www.europesays.com\/de\/wp-json\/wp\/v2\/tags?post=939611"}],"curies":[{"name":"wp","href":"https:\/\/api.w.org\/{rel}","templated":true}]}}