{"id":939975,"date":"2026-04-12T10:36:14","date_gmt":"2026-04-12T10:36:14","guid":{"rendered":"https:\/\/www.europesays.com\/de\/939975\/"},"modified":"2026-04-12T10:36:14","modified_gmt":"2026-04-12T10:36:14","slug":"gladbach-barbarez-macht-tabakovic-wm-zusage","status":"publish","type":"post","link":"https:\/\/www.europesays.com\/de\/939975\/","title":{"rendered":"Gladbach: Barbarez macht Tabakovic WM-Zusage"},"content":{"rendered":"<p class=\"text_ohne_einzug richtext text-em-55 !leading-serif mx-6 desktop:mx-0\">In Leipzig war es einer dieser Tage, die nicht gemacht sind f\u00fcr Haris Tabakovic. Borussia <a href=\"https:\/\/rp-online.de\/thema\/moenchengladbach\/\" rel=\"nofollow noopener\" target=\"_blank\">M\u00f6nchengladbach<\/a> kam bei der Kostenpflichtiger Inhalt <a href=\"https:\/\/rp-online.de\/sport\/fussball\/borussia\/gladbach-moritz-nicolas-haelt-baerenstark-das-sagt-alles-aus_aid-146660709\" rel=\"nofollow noopener\" target=\"_blank\">0:1-Niederlage bei RB<\/a> nur sporadisch nach vorn, selten brachten seine Kollegen den Ball in den Strafraum. Eben da hat der Mittelst\u00fcrmer seine St\u00e4rken. Kostenpflichtiger Inhalt <a href=\"https:\/\/rp-online.de\/sport\/fussball\/borussia\/borussia-moenchengladbach-noten-und-einzelkritik-beim-0-1-bei-rb-leipzig_aid-146659211\" rel=\"nofollow noopener\" target=\"_blank\">So kam er kaum zur Geltung<\/a>, zweimal schoss er aufs Tor, das aber ohne echte Gefahr zu erzeugen.<\/p>\n<p class=\"richtext text-em-55 !leading-serif mx-6 desktop:mx-0\">Entsprechend frustriert reiste Tabakovic nach dem Spiel nach Mainz. Dort war er erstmals im \u201eAktuellen Sportstudio\u201c des ZDF zu Gast. Und das in einer Doppelrolle: Als bosnischer Volksheld, der sein Land gegen <a href=\"https:\/\/rp-online.de\/thema\/italien\/\" rel=\"nofollow noopener\" target=\"_blank\">Italien<\/a> zur Weltmeisterschaft geschossen hat, und als Abstiegsk\u00e4mpfer in Gladbach.<\/p>\n<p class=\"richtext text-em-55 !leading-serif mx-6 desktop:mx-0\">\u201eWir haben etwas Unfassbares geschafft\u201c, sagte Tabakovic r\u00fcckblickend auf das Play-off gegen Italien, bei dem er erst das 1:1 erzielte und damit die Verl\u00e4ngerung erzwang, bevor er im Elfmeterschie\u00dfen spektakul\u00e4r verwandelte. Ganz Bosnien feierte ausgelassen, er auch, \u201eaber im Klub wartet dann der Abstiegskampf\u201c, sagte Tabakovic. Und auf ihn, den in seiner Heimat Gefeierten, ein Bankplatz beim 2:2 gegen Heidenheim. In Leipzig startete Tabakovic wieder.<\/p>\n<p class=\"richtext text-em-55 !leading-serif mx-6 desktop:mx-0\">Den Status quo der Borussen nach dem Spiel beim Champions-League-Anw\u00e4rter kennt der 31-J\u00e4hrige nur zu gut: \u201eEs ist Abstiegskampf, es ist Crunchtime, da geht es darum, dass man Punkte holt. Wir haben es in der eigenen Hand und ein Polster von f\u00fcnf Punkten. Aber wir m\u00fcssen definitiv mehr punkten\u201c, sagte Tabakovic.<\/p>\n<p class=\"richtext text-em-55 !leading-serif mx-6 desktop:mx-0\">Gladbachs Zukunft ist auch f\u00fcnf Spieltage vor dem Ende der Saison offen. Und damit die von Haris Tabakovic, zumindest \u00fcber den Sommer hinaus. Denn er ist nur bis zum Saisonende ausgeliehen von der TSG Hoffenheim, eine Kaufoption gibt es nicht. Eine Abl\u00f6sesumme von f\u00fcnf Millionen Euro ruft Hoffenheim auf. Geld, das Gladbach derzeit nicht hat.<\/p>\n<p class=\"richtext text-em-55 !leading-serif mx-6 desktop:mx-0\">\u201eEs wird erst dann m\u00f6glich sein, \u00fcber grunds\u00e4tzliche Transfers zu sprechen, wenn wir wissen, ob wir in der <a href=\"https:\/\/rp-online.de\/thema\/bundesliga\/\" rel=\"nofollow noopener\" target=\"_blank\">Bundesliga<\/a> sind\u201c, stellte Sportchef Rouven Schr\u00f6der klar. Es gab noch keine Gespr\u00e4che mit dem besten Torsch\u00fctzen dieser Saison, elfmal hat Tabakovic in der Liga getroffen.<\/p>\n<p>Tabakovic: Leeds und Lille interessiert, Gespr\u00e4che mit Wolfsburg?      <\/p>\n<p class=\"richtext text-em-55 !leading-serif mx-6 desktop:mx-0\">L\u00e4ngst gibt es f\u00fcr den St\u00fcrmer andere Interessenten. Leeds United mit dem fr\u00fcheren Gladbacher Coach <a href=\"https:\/\/rp-online.de\/thema\/daniel-farke\/\" rel=\"nofollow noopener\" target=\"_blank\">Daniel Farke<\/a>, soll interessiert sein, auch der OSC <a href=\"https:\/\/rp-online.de\/thema\/lille\/\" rel=\"nofollow noopener\" target=\"_blank\">Lille<\/a> aus <a href=\"https:\/\/rp-online.de\/thema\/frankreich\/\" rel=\"nofollow noopener\" target=\"_blank\">Frankreich<\/a> und der <a href=\"https:\/\/rp-online.de\/thema\/vfl-wolfsburg\/\" rel=\"nofollow noopener\" target=\"_blank\">VfL Wolfsburg<\/a>. Mit dem soll es nach Informationen unserer Redaktion schon Gespr\u00e4che gegeben haben, unabh\u00e4ngig von der Liga-Zugeh\u00f6rigkeit des VW-Klubs, der trotz der sportlichen Situation andere M\u00f6glichkeiten hat als Gladbach.<\/p>\n<p class=\"richtext text-em-55 !leading-serif mx-6 desktop:mx-0\">Borussia ist f\u00fcr Tabakovic ein \u201eunglaublicher Klub\u201c, bei dem er sich wohlf\u00fchlt, aber eben keine verl\u00e4ssliche Gr\u00f6\u00dfe bei der Zukunftsplanung. Was die angeht, hat Tabakovic aber einen klaren Plan, wenn auch erst mal nur bis zum Sommer.<\/p>\n<p class=\"richtext text-em-55 !leading-serif mx-6 desktop:mx-0\">\u201eEs sind f\u00fcr mich f\u00fcnf Spiele, da geht es darum, dass der Verein in der Liga bleibt, das ist mein Job. Dann hoffe ich, gesund zur WM zu fahren. Danach bin ich, Stand jetzt, Spieler von Hoffenheim\u201c, sagte Tabakovic. Bis 2027 l\u00e4uft dort sein Vertrag. Dass er aber nicht wieder f\u00fcr die TSG spielen wird, ist anzunehmen. \u201eEs ist aber alles spekulativ\u201c, sagte Tabakovic.<\/p>\n<p>Gladbachs Tabakovic und die WM: \u201eNat\u00fcrlich f\u00e4hrt er mit\u201c      <\/p>\n<p class=\"richtext text-em-55 !leading-serif mx-6 desktop:mx-0\">Was er aber wei\u00df: Bleibt er gesund, wird er zur WM fahren. Diese Zusage machte Bosniens Trainer Sergej Barbarez am Samstag. \u201eWenn er gesund bleibt, f\u00e4hrt er nat\u00fcrlich mit\u201c, sagte der fr\u00fchere Bundesliga-Profi. Barbarez outete sich als \u201eFan von Haris, das war ich schon immer wegen seiner Spielweise und seines Auftretens\u201c.<\/p>\n<p class=\"richtext text-em-55 !leading-serif mx-6 desktop:mx-0\">Auch in Gladbach hat sich Tabakovic, der vor sechs Jahren vertragslos und nahe dran war, seine Karriere zu beenden, und nun ein bosnischer Held ist, nicht nur als Torj\u00e4ger oder Typ pr\u00e4sentiert. Am Samstag zeigte er zudem, dass er Auftr\u00e4ge erf\u00fcllen kann. \u201eRouven Schr\u00f6der hat mir gesagt, ich muss mit drei Treffern an der Torwand heimkommen\u201c, verriet Tabakovic. Er traf dreimal.<\/p>\n","protected":false},"excerpt":{"rendered":"In Leipzig war es einer dieser Tage, die nicht gemacht sind f\u00fcr Haris Tabakovic. Borussia M\u00f6nchengladbach kam bei&hellip;\n","protected":false},"author":2,"featured_media":939976,"comment_status":"","ping_status":"","sticky":false,"template":"","format":"standard","meta":{"footnotes":"","_share_on_mastodon":"0"},"categories":[1832],"tags":[3364,29,30,71,859,87254],"class_list":["post-939975","post","type-post","status-publish","format-standard","has-post-thumbnail","category-leipzig","tag-de","tag-deutschland","tag-germany","tag-leipzig","tag-sachsen","tag-tabakovic"],"share_on_mastodon":{"url":"https:\/\/pubeurope.com\/@de\/116391299567996425","error":""},"_links":{"self":[{"href":"https:\/\/www.europesays.com\/de\/wp-json\/wp\/v2\/posts\/939975","targetHints":{"allow":["GET"]}}],"collection":[{"href":"https:\/\/www.europesays.com\/de\/wp-json\/wp\/v2\/posts"}],"about":[{"href":"https:\/\/www.europesays.com\/de\/wp-json\/wp\/v2\/types\/post"}],"author":[{"embeddable":true,"href":"https:\/\/www.europesays.com\/de\/wp-json\/wp\/v2\/users\/2"}],"replies":[{"embeddable":true,"href":"https:\/\/www.europesays.com\/de\/wp-json\/wp\/v2\/comments?post=939975"}],"version-history":[{"count":0,"href":"https:\/\/www.europesays.com\/de\/wp-json\/wp\/v2\/posts\/939975\/revisions"}],"wp:featuredmedia":[{"embeddable":true,"href":"https:\/\/www.europesays.com\/de\/wp-json\/wp\/v2\/media\/939976"}],"wp:attachment":[{"href":"https:\/\/www.europesays.com\/de\/wp-json\/wp\/v2\/media?parent=939975"}],"wp:term":[{"taxonomy":"category","embeddable":true,"href":"https:\/\/www.europesays.com\/de\/wp-json\/wp\/v2\/categories?post=939975"},{"taxonomy":"post_tag","embeddable":true,"href":"https:\/\/www.europesays.com\/de\/wp-json\/wp\/v2\/tags?post=939975"}],"curies":[{"name":"wp","href":"https:\/\/api.w.org\/{rel}","templated":true}]}}