{"id":940011,"date":"2026-04-12T10:55:15","date_gmt":"2026-04-12T10:55:15","guid":{"rendered":"https:\/\/www.europesays.com\/de\/940011\/"},"modified":"2026-04-12T10:55:15","modified_gmt":"2026-04-12T10:55:15","slug":"verona-pooth-will-zurueck-nach-dubai-trotz-krise-im-nahen-osten","status":"publish","type":"post","link":"https:\/\/www.europesays.com\/de\/940011\/","title":{"rendered":"Verona Pooth will zur\u00fcck nach Dubai \u2013 trotz Krise im Nahen Osten"},"content":{"rendered":"<p class=\"text-18 leading-17 user-text-lg:text-22 user-text-xl:text-24\">Derzeit herrscht nach einer Einigung zwischen dem <a class=\"transition-colors duration-200 cursor-pointer text-inherit no-underline text-salemsfur md:hover:text-magenta md:hover:border-magenta md:focus:text-magenta border-current border-b border-solid break-words\" data-tracking=\"{&quot;action&quot;:&quot;click&quot;,&quot;category&quot;:&quot;intextLink&quot;,&quot;label&quot;:&quot;\/themen\/iran\/&quot;}\" href=\"https:\/\/www.t-online.de\/themen\/iran\/\" data-sctrack=\"BodyAnchor\" rel=\"nofollow noopener\" target=\"_blank\">Iran<\/a>, den <a class=\"transition-colors duration-200 cursor-pointer text-inherit no-underline text-salemsfur md:hover:text-magenta md:hover:border-magenta md:focus:text-magenta border-current border-b border-solid break-words\" data-tracking=\"{&quot;action&quot;:&quot;click&quot;,&quot;category&quot;:&quot;intextLink&quot;,&quot;label&quot;:&quot;\/themen\/usa\/&quot;}\" href=\"https:\/\/www.t-online.de\/themen\/usa\/\" data-sctrack=\"BodyAnchor\" rel=\"nofollow noopener\" target=\"_blank\">USA<\/a> und <a class=\"transition-colors duration-200 cursor-pointer text-inherit no-underline text-salemsfur md:hover:text-magenta md:hover:border-magenta md:focus:text-magenta border-current border-b border-solid break-words\" data-tracking=\"{&quot;action&quot;:&quot;click&quot;,&quot;category&quot;:&quot;intextLink&quot;,&quot;label&quot;:&quot;\/themen\/israel\/&quot;}\" href=\"https:\/\/www.t-online.de\/themen\/israel\/\" data-sctrack=\"BodyAnchor\" rel=\"nofollow noopener\" target=\"_blank\">Israel<\/a> offiziell eine fragile Waffenruhe im Nahen Osten. Trotzdem meldeten die Vereinigten Arabischen Emirate und Kuwait noch vor wenigen Tagen neue Angriffe.<\/p>\n<p class=\"text-18 leading-17 user-text-lg:text-22 user-text-xl:text-24\">Das Ausw\u00e4rtige Amt r\u00e4t nach wie vor von Reisen nach Dubai ab. Auf der Website der Beh\u00f6rte hei\u00dft es: &#8222;Vor allen Reisen in die folgenden Staaten bzw. Gebiete wird weiterhin gewarnt: Israel\/Pal\u00e4stinensische Gebiete, <a class=\"transition-colors duration-200 cursor-pointer text-inherit no-underline text-salemsfur md:hover:text-magenta md:hover:border-magenta md:focus:text-magenta border-current border-b border-solid break-words\" data-tracking=\"{&quot;action&quot;:&quot;click&quot;,&quot;category&quot;:&quot;intextLink&quot;,&quot;label&quot;:&quot;\/themen\/libanon\/&quot;}\" href=\"https:\/\/www.t-online.de\/themen\/libanon\/\" data-sctrack=\"BodyAnchor\" rel=\"nofollow noopener\" target=\"_blank\">Libanon<\/a>, <a class=\"transition-colors duration-200 cursor-pointer text-inherit no-underline text-salemsfur md:hover:text-magenta md:hover:border-magenta md:focus:text-magenta border-current border-b border-solid break-words\" data-tracking=\"{&quot;action&quot;:&quot;click&quot;,&quot;category&quot;:&quot;intextLink&quot;,&quot;label&quot;:&quot;\/themen\/jordanien\/&quot;}\" href=\"https:\/\/www.t-online.de\/themen\/jordanien\/\" data-sctrack=\"BodyAnchor\" rel=\"nofollow noopener\" target=\"_blank\">Jordanien<\/a>, <a class=\"transition-colors duration-200 cursor-pointer text-inherit no-underline text-salemsfur md:hover:text-magenta md:hover:border-magenta md:focus:text-magenta border-current border-b border-solid break-words\" data-tracking=\"{&quot;action&quot;:&quot;click&quot;,&quot;category&quot;:&quot;intextLink&quot;,&quot;label&quot;:&quot;\/themen\/syrien\/&quot;}\" href=\"https:\/\/www.t-online.de\/themen\/syrien\/\" data-sctrack=\"BodyAnchor\" rel=\"nofollow noopener\" target=\"_blank\">Syrien<\/a>, Irak, Iran, Bahrain, Kuwait, Oman, Vereinigte Arabische Emirate, <a class=\"transition-colors duration-200 cursor-pointer text-inherit no-underline text-salemsfur md:hover:text-magenta md:hover:border-magenta md:focus:text-magenta border-current border-b border-solid break-words\" data-tracking=\"{&quot;action&quot;:&quot;click&quot;,&quot;category&quot;:&quot;intextLink&quot;,&quot;label&quot;:&quot;\/themen\/saudi-arabien\/&quot;}\" href=\"https:\/\/www.t-online.de\/themen\/saudi-arabien\/\" data-sctrack=\"BodyAnchor\" rel=\"nofollow noopener\" target=\"_blank\">Saudi-Arabien<\/a>, Katar, <a class=\"transition-colors duration-200 cursor-pointer text-inherit no-underline text-salemsfur md:hover:text-magenta md:hover:border-magenta md:focus:text-magenta border-current border-b border-solid break-words\" data-tracking=\"{&quot;action&quot;:&quot;click&quot;,&quot;category&quot;:&quot;intextLink&quot;,&quot;label&quot;:&quot;\/themen\/jemen\/&quot;}\" href=\"https:\/\/www.t-online.de\/themen\/jemen\/\" data-sctrack=\"BodyAnchor\" rel=\"nofollow noopener\" target=\"_blank\">Jemen<\/a>. Reisewarnungen gelten auch f\u00fcr Transitaufenthalte zum Weiterflug in andere Staaten.&#8220;<\/p>\n","protected":false},"excerpt":{"rendered":"Derzeit herrscht nach einer Einigung zwischen dem Iran, den USA und Israel offiziell eine fragile Waffenruhe im Nahen&hellip;\n","protected":false},"author":2,"featured_media":940012,"comment_status":"","ping_status":"","sticky":false,"template":"","format":"standard","meta":{"footnotes":"","_share_on_mastodon":"0"},"categories":[1776],"tags":[722,522,1801,29,33995,10250,214,33996,30,669,76473,61384,1802,204991,215,40129],"class_list":["post-940011","post","type-post","status-publish","format-standard","has-post-thumbnail","category-prominente","tag-722","tag-522","tag-celebrities","tag-deutschland","tag-diego-pooth","tag-dubai","tag-entertainment","tag-franjo-pooth","tag-germany","tag-krise","tag-louisa-buescher","tag-persischer-golf","tag-prominente","tag-rocco-poth","tag-unterhaltung","tag-verona-pooth"],"share_on_mastodon":{"url":"https:\/\/pubeurope.com\/@de\/116391374332514442","error":""},"_links":{"self":[{"href":"https:\/\/www.europesays.com\/de\/wp-json\/wp\/v2\/posts\/940011","targetHints":{"allow":["GET"]}}],"collection":[{"href":"https:\/\/www.europesays.com\/de\/wp-json\/wp\/v2\/posts"}],"about":[{"href":"https:\/\/www.europesays.com\/de\/wp-json\/wp\/v2\/types\/post"}],"author":[{"embeddable":true,"href":"https:\/\/www.europesays.com\/de\/wp-json\/wp\/v2\/users\/2"}],"replies":[{"embeddable":true,"href":"https:\/\/www.europesays.com\/de\/wp-json\/wp\/v2\/comments?post=940011"}],"version-history":[{"count":0,"href":"https:\/\/www.europesays.com\/de\/wp-json\/wp\/v2\/posts\/940011\/revisions"}],"wp:featuredmedia":[{"embeddable":true,"href":"https:\/\/www.europesays.com\/de\/wp-json\/wp\/v2\/media\/940012"}],"wp:attachment":[{"href":"https:\/\/www.europesays.com\/de\/wp-json\/wp\/v2\/media?parent=940011"}],"wp:term":[{"taxonomy":"category","embeddable":true,"href":"https:\/\/www.europesays.com\/de\/wp-json\/wp\/v2\/categories?post=940011"},{"taxonomy":"post_tag","embeddable":true,"href":"https:\/\/www.europesays.com\/de\/wp-json\/wp\/v2\/tags?post=940011"}],"curies":[{"name":"wp","href":"https:\/\/api.w.org\/{rel}","templated":true}]}}