{"id":940184,"date":"2026-04-12T12:33:43","date_gmt":"2026-04-12T12:33:43","guid":{"rendered":"https:\/\/www.europesays.com\/de\/940184\/"},"modified":"2026-04-12T12:33:43","modified_gmt":"2026-04-12T12:33:43","slug":"vermutlich-mit-zwille-autos-im-kreis-ploen-beschossen","status":"publish","type":"post","link":"https:\/\/www.europesays.com\/de\/940184\/","title":{"rendered":"Vermutlich mit Zwille: Autos im Kreis Pl\u00f6n beschossen"},"content":{"rendered":"<p>        <img decoding=\"async\" src=\"https:\/\/www.europesays.com\/de\/wp-content\/uploads\/2026\/04\/pkw-110.webp.webp\" alt=\"Eine Windschutzscheibe auf die geschossen wurde\" title=\"Eine Windschutzscheibe auf die geschossen wurde | IMAGO\" class=\"responsive\"\/><\/p>\n<p>AUDIO: Nachrichten 13:00 Uhr &#8211; 10.04.2026 (4 Min)<\/p>\n<p>\n                Stand: 10.04.2026 16:33 Uhr<\/p>\n<p class=\"preface\">In Lebrade sind zwei Autos offenbar mit Steinen beschossen worden. Dabei wurde offenbar eine Zwille benutzt &#8211; eine Scheibe ging zu Bruch. Die Polizei sucht nach Zeugen.<\/p>\n<p class=\"\">Mindestens zwei Autos sind in Lebrade im <a href=\"https:\/\/www.ndr.de\/nachrichten\/schleswig-holstein\/Kreis-Ploen-Aktuelle-Nachrichten-und-Videos,ploen198.html\" title=\"Kreis Pl\u00f6n - Aktuelle Nachrichten und Videos\" rel=\"nofollow noopener\" target=\"_blank\">Kreis Pl\u00f6n<\/a> Ziel einer Attacke geworden, sagt die Polizei. Die Ermittler gehen davon aus, dass die Autos mit einer Zwille oder mit einer \u00e4hnlichen Schleuder beschossen wurden. Als die Wagen am Donnerstagnachmittag am Friedhof in Lebrade vorbeifuhren, h\u00f6rten die Autofahrer laut Polizei ein lautes Knacken an den hinteren Scheiben.<\/p>\n<p>    Autos wurden wohl gezielt beschossen<\/p>\n<p class=\"\">Am Wagen eines 35-J\u00e4hrigen ging dabei die hintere rechte Scheibe zu Bruch. Der Fahrer wendete und versuchte, die Ursache zu entdecken &#8211; ohne Erfolg. Polizisten wurden informiert, sicherten Spuren und befragten Anwohner. Die Beamten gehen davon aus, dass die Autos gezielt beschossen wurden. Niemand wurde bei der Attacke verletzt, so die Polizei.<\/p>\n<p>                    <a href=\"https:\/\/www.europesays.com\/de\/wp-content\/uploads\/2026\/04\/pkw-112.webp.webp\" class=\"zoomimage\" title=\"Bild vergr\u00f6\u00dfern\"><\/p>\n<p>        <img decoding=\"async\" src=\"https:\/\/www.europesays.com\/de\/wp-content\/uploads\/2026\/04\/pkw-112.webp.webp\" alt=\"Eine besch\u00e4digte Windschutzscheibe mit einem metrischen Gliederma\u00dfstab\" title=\"Die Beamten vermuten, dass ein Stein mit einer Zwille auf die Windschutzscheibe geschossen wurde. | Polizei Kiel\" class=\"responsive\" loading=\"lazy\"\/><\/p>\n<p>                    <\/a><\/p>\n<p>                    Die Beamten vermuten, dass ein Stein mit einer Zwille auf die Windschutzscheibe geschossen wurde.<\/p>\n<p>    Polizei: Keine harmlose Tat<\/p>\n<p class=\"\">Die Polizei betont, dass es sich bei einer solchen Attacke nicht um eine harmlose Tat handelt &#8211; bereits kleine Geschosse k\u00f6nnen daf\u00fcr sorgen, dass die Fahrer die Kontrolle \u00fcber das Fahrzeug verlieren. Das kann zu lebensgef\u00e4hrlichen Unf\u00e4llen f\u00fchren, sagt die Polizei. <a href=\"https:\/\/www.ndr.de\/nachrichten\/schleswig-holstein\/kiel_neumuenster_ploen_rendsburg-eckernfoerde\/textlink-314426~splash.html\" title=\"Lebrade: Zeugen nach Eingriff in den Stra\u00dfenverkehr gesucht\" data-url=\"https:\/\/www.presseportal.de\/blaulicht\/pm\/14626\/6252589\" class=\"extlink-preface\" data-type=\"external\" rel=\"nofollow noopener\" target=\"_blank\">Die Beamten suchen jetzt nach Zeugen<\/a>. Hinweise nimmt das Polizeirevier Pl\u00f6n entgegen.<\/p>\n<p>        <img decoding=\"async\" src=\"https:\/\/www.europesays.com\/de\/wp-content\/uploads\/2026\/04\/autobahnpolizei120.webp.webp\" alt=\"Ein Einsatzfahrzeug der Autobahnpolizei f\u00e4hrt mit eingeschaltetem Blaulicht auf einer dreispurigen Autobahn.\" title=\"Ein Einsatzfahrzeug der Autobahnpolizei f\u00e4hrt mit eingeschaltetem Blaulicht auf einer dreispurigen Autobahn. | NDR, Julius Matuschik\" class=\"responsive\" loading=\"lazy\"\/><\/p>\n<p>Nach Angaben des Fahrers soll es sich bei den Werfern um zwei Kinder oder Jugendliche handeln. Der Mann stand unter Schock.<\/p>\n<p>        <img decoding=\"async\" src=\"https:\/\/www.europesays.com\/de\/wp-content\/uploads\/2026\/04\/polizei6368.webp.webp\" alt=\"Ein Blaulicht leuchtet an einem Streifenwagen bei D\u00e4mmerung.\" title=\"Ein Blaulicht leuchtet an einem Streifenwagen bei D\u00e4mmerung. | NDR, Pavel Stoyan\" class=\"responsive\" loading=\"lazy\"\/><\/p>\n<p>Laut Polizei meldeten Autofahrer gegen 14:30 Uhr eine Gruppe auf einer Br\u00fccke &#8211; ein Citro\u00ebn Jumpy wurde dabei besch\u00e4digt.<\/p>\n","protected":false},"excerpt":{"rendered":"AUDIO: Nachrichten 13:00 Uhr &#8211; 10.04.2026 (4 Min) Stand: 10.04.2026 16:33 Uhr In Lebrade sind zwei Autos offenbar&hellip;\n","protected":false},"author":2,"featured_media":940185,"comment_status":"","ping_status":"","sticky":false,"template":"","format":"standard","meta":{"footnotes":"","_share_on_mastodon":"0"},"categories":[1852],"tags":[3985,205010,3364,29,548,663,3934,30,13,4949,47663,205009,14,15,121,12,1971,27938,205008],"class_list":["post-940184","post","type-post","status-publish","format-standard","has-post-thumbnail","category-kiel","tag-autos","tag-autoscheiben","tag-de","tag-deutschland","tag-eu","tag-europa","tag-europe","tag-germany","tag-headlines","tag-kiel","tag-kreis-ploen","tag-lebrade","tag-nachrichten","tag-news","tag-polizei","tag-schlagzeilen","tag-schleswig-holstein","tag-steine","tag-zwille"],"share_on_mastodon":{"url":"https:\/\/pubeurope.com\/@de\/116391759947670848","error":""},"_links":{"self":[{"href":"https:\/\/www.europesays.com\/de\/wp-json\/wp\/v2\/posts\/940184","targetHints":{"allow":["GET"]}}],"collection":[{"href":"https:\/\/www.europesays.com\/de\/wp-json\/wp\/v2\/posts"}],"about":[{"href":"https:\/\/www.europesays.com\/de\/wp-json\/wp\/v2\/types\/post"}],"author":[{"embeddable":true,"href":"https:\/\/www.europesays.com\/de\/wp-json\/wp\/v2\/users\/2"}],"replies":[{"embeddable":true,"href":"https:\/\/www.europesays.com\/de\/wp-json\/wp\/v2\/comments?post=940184"}],"version-history":[{"count":0,"href":"https:\/\/www.europesays.com\/de\/wp-json\/wp\/v2\/posts\/940184\/revisions"}],"wp:featuredmedia":[{"embeddable":true,"href":"https:\/\/www.europesays.com\/de\/wp-json\/wp\/v2\/media\/940185"}],"wp:attachment":[{"href":"https:\/\/www.europesays.com\/de\/wp-json\/wp\/v2\/media?parent=940184"}],"wp:term":[{"taxonomy":"category","embeddable":true,"href":"https:\/\/www.europesays.com\/de\/wp-json\/wp\/v2\/categories?post=940184"},{"taxonomy":"post_tag","embeddable":true,"href":"https:\/\/www.europesays.com\/de\/wp-json\/wp\/v2\/tags?post=940184"}],"curies":[{"name":"wp","href":"https:\/\/api.w.org\/{rel}","templated":true}]}}