{"id":940197,"date":"2026-04-12T12:40:16","date_gmt":"2026-04-12T12:40:16","guid":{"rendered":"https:\/\/www.europesays.com\/de\/940197\/"},"modified":"2026-04-12T12:40:16","modified_gmt":"2026-04-12T12:40:16","slug":"verfolgungsjagd-mit-polizei-bmw-rast-mit-weit-ueber-tempo-100-durch-mannheim-mannheim","status":"publish","type":"post","link":"https:\/\/www.europesays.com\/de\/940197\/","title":{"rendered":"Verfolgungsjagd mit Polizei: BMW rast mit weit \u00fcber Tempo 100 durch Mannheim &#8211; Mannheim"},"content":{"rendered":"<p><b\/>Ein 22 Jahre alter BMW-Fahrer hat sich am Samstag in den fr\u00fchen Morgenstunden in Mannheim eine Verfolgungsjagd mit der Polizei geliefert. Gegen 1.20  Uhr fiel einer zivilen Streife der <a href=\"https:\/\/www.rheinpfalz.de\/lokal\/ludwigshafen_artikel,-weitere-saison-in-der-verkehrsh%C3%B6lle-was-haben-die-autoposer-kontrollen-gebracht-_arid,5832922.html\" target=\"_blank\" class=\"external-link-new-window\" title=\"\" rel=\"nofollow noopener\">Ermittlungsgruppe Poser<\/a> ein wei\u00dfer <a class=\"rtr-entity\" data-rtr-entity=\"BMW\" data-rtr-id=\"f9d9cb0e499bc90503f6331853093808955648e2\" data-rtr-score=\"176.74321503131523\" data-rtr-etype=\"organisation\" data-rtr-index=\"14\" href=\"https:\/\/www.rheinpfalz.de\/themen\/bmw?utm_source=rheinpfalz.de&amp;utm_medium=tms&amp;utm_campaign=intext\" rel=\"nofollow noopener\" target=\"_blank\">BMW<\/a> beim Abbiegen vom Kaiserring in die Reichskanzler-M\u00fcller-Stra\u00dfe wegen  durchdrehender Reifen auf. Im weiteren Verlauf beschleunigte der BMW laut Polizei innerorts auf weit \u00fcber 100 Stundenkilometer.  Als der BMW an einer roten Ampel anhielt, sollte er einer Verkehrskontrolle unterzogen werden. Beim Herantreten der Beamten an das Fahrzeug beschleunigte dieses den weiteren Angaben zufolge abrupt, \u00fcberfuhr eine rote  Ampel und fl\u00fcchtete in Richtung Neckarauer Stra\u00dfe. Im Verlauf der Neckarauer Stra\u00dfe habe  der BMW mehrere Fahrzeuge auf dem rechten und linken Fahrstreifen \u00fcberholt, hie\u00df es weiter. <\/p>\n<p>Auto gestoppt und beschlagnahmt<\/p>\n<p>Auf H\u00f6he der Haltestelle Neckarauer Bahnhof wurde  der 22-J\u00e4hrige  laut Polizei gestoppt. Die Ermittler haben  ein Verfahren wegen eines verbotenen Kraftfahrzeugrennens eingeleitet. Der F\u00fchrerschein, der BMW sowie die Mobiltelefone der Fahrzeuginsassen  wurden beschlagnahmt. Die Polizei sucht Zeugen:  Telefon 0621 174-4222.<\/p>\n","protected":false},"excerpt":{"rendered":"Ein 22 Jahre alter BMW-Fahrer hat sich am Samstag in den fr\u00fchen Morgenstunden in Mannheim eine Verfolgungsjagd mit&hellip;\n","protected":false},"author":2,"featured_media":940198,"comment_status":"","ping_status":"","sticky":false,"template":"","format":"standard","meta":{"footnotes":"","_share_on_mastodon":"0"},"categories":[1845],"tags":[1634,374,3364,29,548,663,3934,30,13,4060,2096,14,65244,15,121,12,40],"class_list":["post-940197","post","type-post","status-publish","format-standard","has-post-thumbnail","category-mannheim","tag-baden-wuerttemberg","tag-bmw","tag-de","tag-deutschland","tag-eu","tag-europa","tag-europe","tag-germany","tag-headlines","tag-lokal","tag-mannheim","tag-nachrichten","tag-neckarauer-strasse","tag-news","tag-polizei","tag-schlagzeilen","tag-verfolgungsjagd"],"share_on_mastodon":{"url":"https:\/\/pubeurope.com\/@de\/116391787045516462","error":""},"_links":{"self":[{"href":"https:\/\/www.europesays.com\/de\/wp-json\/wp\/v2\/posts\/940197","targetHints":{"allow":["GET"]}}],"collection":[{"href":"https:\/\/www.europesays.com\/de\/wp-json\/wp\/v2\/posts"}],"about":[{"href":"https:\/\/www.europesays.com\/de\/wp-json\/wp\/v2\/types\/post"}],"author":[{"embeddable":true,"href":"https:\/\/www.europesays.com\/de\/wp-json\/wp\/v2\/users\/2"}],"replies":[{"embeddable":true,"href":"https:\/\/www.europesays.com\/de\/wp-json\/wp\/v2\/comments?post=940197"}],"version-history":[{"count":0,"href":"https:\/\/www.europesays.com\/de\/wp-json\/wp\/v2\/posts\/940197\/revisions"}],"wp:featuredmedia":[{"embeddable":true,"href":"https:\/\/www.europesays.com\/de\/wp-json\/wp\/v2\/media\/940198"}],"wp:attachment":[{"href":"https:\/\/www.europesays.com\/de\/wp-json\/wp\/v2\/media?parent=940197"}],"wp:term":[{"taxonomy":"category","embeddable":true,"href":"https:\/\/www.europesays.com\/de\/wp-json\/wp\/v2\/categories?post=940197"},{"taxonomy":"post_tag","embeddable":true,"href":"https:\/\/www.europesays.com\/de\/wp-json\/wp\/v2\/tags?post=940197"}],"curies":[{"name":"wp","href":"https:\/\/api.w.org\/{rel}","templated":true}]}}