{"id":940408,"date":"2026-04-12T14:42:19","date_gmt":"2026-04-12T14:42:19","guid":{"rendered":"https:\/\/www.europesays.com\/de\/940408\/"},"modified":"2026-04-12T14:42:19","modified_gmt":"2026-04-12T14:42:19","slug":"s-bahn-bei-duesseldorf-in-gruiten-evakuiert-zug-faehrt-in-oberleitung","status":"publish","type":"post","link":"https:\/\/www.europesays.com\/de\/940408\/","title":{"rendered":"S-Bahn bei D\u00fcsseldorf in Gruiten evakuiert: Zug f\u00e4hrt in Oberleitung"},"content":{"rendered":"<p>Bahnst\u00f6rung im Kreis Mettmann <\/p>\n<p>S-Bahn f\u00e4hrt in Oberleitung \u2013 65 Fahrg\u00e4ste evakuiert<\/p>\n<p>12.04.2026 &#8211; 16:32 UhrLesedauer: 1 Min.<\/p>\n<p><a href=\"#focus-0\" class=\"transition-colors duration-200 block text-current relative\" data-sctrack=\"FocusGalleryImage.Reference\"><img fetchpriority=\"high\" data-testid=\"Opener.Image\" style=\"--lqipURL:url('https:\/\/images.t-online.de\/2026\/04\/75ivek-RCyY6\/0x592:1536x864\/fit-in\/150x0\/filters:blur(25)\/feuerwehrleute-bringen-die-fahrgaeste-einer-auf-freier-strecke-evakuierten-s-bahn-in-sicherheit-der-triebwaren-war-unweit-eines-bahnhofs-in-eine-herabhaengende-oberleitung-gefahren-zu-dpa-s-bahn-faehrt-in-oberleitung-fahrgaeste-evakuiert.jpg')\"   loading=\"eager\" src=\"https:\/\/www.europesays.com\/de\/wp-content\/uploads\/2026\/04\/feuerwehrleute-bringen-die-fahrgaeste-einer-auf-freier-strecke-evakuierten-s-bahn-in-sicherheit-der-.jpeg\" alt=\"S-Bahn f\u00e4hrt in Oberleitung \u2013 Fahrg\u00e4ste evakuiert\" title=\"S-Bahn f\u00e4hrt in Oberleitung \u2013 Fahrg\u00e4ste evakuiert\" width=\"1536\" height=\"864\" class=\"bg-[url:var(--lqipURL)] bg-cover bg-center flex h-full w-full max-w-full\" decoding=\"async\"\/><img style=\"--width:32;--height:32\" loading=\"lazy\" src=\"https:\/\/duesseldorf.t-online.de\/s\/paper\/_next\/static\/media\/zoom-in.f7dae02f.svg\" alt=\"Vergr\u00f6\u00dfern des Bildes\" title=\"Vergr\u00f6\u00dfern des Bildes\" class=\"block h-[calc(var(--height)_\/_16_*_1rem)] w-[calc(var(--width)_\/_16_*_1rem)] max-w-none absolute bottom-8 right-8 rounded-4 bg-snow p-8\" decoding=\"async\"\/><\/a><\/p>\n<p>Feuerwehrleute bringen die Fahrg\u00e4ste in Sicherheit: Zu dem Vorfall kam es im Kreis Mettmann. (Quelle: -\/Feuerwehr Haan\/dpa\/dpa-bilder)<\/p>\n<p class=\"font-bold text-18 leading-17 user-text-lg:text-22 user-text-xl:text-24\">Eine S-Bahn f\u00e4hrt bei D\u00fcsseldorf in eine herabh\u00e4ngende Oberleitung. Der Zug wird besch\u00e4digt &#8211; die Strecke gesperrt.<\/p>\n<p class=\"text-18 leading-17 user-text-lg:text-22 user-text-xl:text-24\">Am Sonntagmorgen fuhr eine S-Bahn des Verkehrsverbunds Rhein-Ruhr in der N\u00e4he von D\u00fcsseldorf in eine herabh\u00e4ngende Oberleitung. Zu dem Ungl\u00fcck kam es nahe dem Bahnhof Gruiten in Haan (Kreis Mettmann). Die S-Bahn wurde dabei besch\u00e4digt.<\/p>\n<p class=\"text-18 leading-17 user-text-lg:text-22 user-text-xl:text-24\">65 Fahrg\u00e4ste sa\u00dfen auf freier Strecke fest. Die Deutsche Bahn schaltete die Oberleitung stromlos. Gut eine Stunde nach dem Vorfall konnten die Reisenden die Bahn verlassen, wie die Feuerwehr mitteilte. Ein Ersatzbus bef\u00f6rderte sie weiter.<\/p>\n<p class=\"text-18 leading-17 user-text-lg:text-22 user-text-xl:text-24\">Dem Einsatzbericht der Feuerwehr zufolge hinterlie\u00df der Strom &#8222;deutliche Spuren&#8220; am Fahrzeug. Die Bahnstrecke blieb zun\u00e4chst gesperrt.<\/p>\n","protected":false},"excerpt":{"rendered":"Bahnst\u00f6rung im Kreis Mettmann S-Bahn f\u00e4hrt in Oberleitung \u2013 65 Fahrg\u00e4ste evakuiert 12.04.2026 &#8211; 16:32 UhrLesedauer: 1 Min.&hellip;\n","protected":false},"author":2,"featured_media":940409,"comment_status":"","ping_status":"","sticky":false,"template":"","format":"standard","meta":{"footnotes":"","_share_on_mastodon":"0"},"categories":[1831],"tags":[722,17161,2895,3364,2030,29,3405,985,30,74361,23696,15946,1209,2228,34217],"class_list":["post-940408","post","type-post","status-publish","format-standard","has-post-thumbnail","category-duesseldorf","tag-722","tag-17161","tag-bahnstoerung","tag-de","tag-deutsche-bahn","tag-deutschland","tag-duesseldorf","tag-feuerwehr","tag-germany","tag-gruiten","tag-haan","tag-mettmann","tag-nordrhein-westfalen","tag-oberleitung","tag-vrr"],"share_on_mastodon":{"url":"https:\/\/pubeurope.com\/@de\/116392266994682837","error":""},"_links":{"self":[{"href":"https:\/\/www.europesays.com\/de\/wp-json\/wp\/v2\/posts\/940408","targetHints":{"allow":["GET"]}}],"collection":[{"href":"https:\/\/www.europesays.com\/de\/wp-json\/wp\/v2\/posts"}],"about":[{"href":"https:\/\/www.europesays.com\/de\/wp-json\/wp\/v2\/types\/post"}],"author":[{"embeddable":true,"href":"https:\/\/www.europesays.com\/de\/wp-json\/wp\/v2\/users\/2"}],"replies":[{"embeddable":true,"href":"https:\/\/www.europesays.com\/de\/wp-json\/wp\/v2\/comments?post=940408"}],"version-history":[{"count":0,"href":"https:\/\/www.europesays.com\/de\/wp-json\/wp\/v2\/posts\/940408\/revisions"}],"wp:featuredmedia":[{"embeddable":true,"href":"https:\/\/www.europesays.com\/de\/wp-json\/wp\/v2\/media\/940409"}],"wp:attachment":[{"href":"https:\/\/www.europesays.com\/de\/wp-json\/wp\/v2\/media?parent=940408"}],"wp:term":[{"taxonomy":"category","embeddable":true,"href":"https:\/\/www.europesays.com\/de\/wp-json\/wp\/v2\/categories?post=940408"},{"taxonomy":"post_tag","embeddable":true,"href":"https:\/\/www.europesays.com\/de\/wp-json\/wp\/v2\/tags?post=940408"}],"curies":[{"name":"wp","href":"https:\/\/api.w.org\/{rel}","templated":true}]}}