{"id":940654,"date":"2026-04-12T17:07:20","date_gmt":"2026-04-12T17:07:20","guid":{"rendered":"https:\/\/www.europesays.com\/de\/940654\/"},"modified":"2026-04-12T17:07:20","modified_gmt":"2026-04-12T17:07:20","slug":"nicolas-sarkozy-und-libyenprozess-in-frankreich-politik","status":"publish","type":"post","link":"https:\/\/www.europesays.com\/de\/940654\/","title":{"rendered":"Nicolas Sarkozy und Libyenprozess in Frankreich &#8211; Politik"},"content":{"rendered":"<p data-manual=\"paragraph\" data-schema-org-speakable=\"true\" class=\"css-1ygz9cx\">Politische Freundschaften geh\u00f6ren gemeinhin nicht zu den solidesten, gerade in <a href=\"https:\/\/www.sueddeutsche.de\/thema\/Frankreich\" rel=\"nofollow noopener\" target=\"_blank\">Frankreich<\/a>. Doch nun erleben die Franzosen einen Bruch von seltener Brutalit\u00e4t. <a href=\"https:\/\/www.sueddeutsche.de\/thema\/Nicolas_Sarkozy\" rel=\"nofollow noopener\" target=\"_blank\">Nicolas Sarkozy<\/a>, Pr\u00e4sident der Republik von 2007 bis 2012, l\u00e4sst im Berufungsverfahren wegen mutma\u00dflicher Millionen aus <a href=\"https:\/\/www.sueddeutsche.de\/thema\/Libyen\" rel=\"nofollow noopener\" target=\"_blank\">Libyen<\/a> zur Selbstverteidigung seine engsten Weggef\u00e4hrten fallen. Er opfert sie.<\/p>\n","protected":false},"excerpt":{"rendered":"Politische Freundschaften geh\u00f6ren gemeinhin nicht zu den solidesten, gerade in Frankreich. Doch nun erleben die Franzosen einen Bruch&hellip;\n","protected":false},"author":2,"featured_media":940655,"comment_status":"","ping_status":"","sticky":false,"template":"","format":"standard","meta":{"footnotes":"","_share_on_mastodon":"0"},"categories":[3974],"tags":[16302,331,332,147,548,663,3934,3980,156,116071,13,324,148,37860,116112,14,15,45652,16,12,149],"class_list":["post-940654","post","type-post","status-publish","format-standard","has-post-thumbnail","category-frankreich","tag-afrika","tag-aktuelle-nachrichten","tag-aktuelle-news","tag-ausland","tag-eu","tag-europa","tag-europe","tag-france","tag-frankreich","tag-gaddafi","tag-headlines","tag-korruption","tag-leserdiskussion","tag-libyen","tag-muammar-al-gaddafi","tag-nachrichten","tag-news","tag-nicolas-sarkozy","tag-politik","tag-schlagzeilen","tag-sueddeutsche-zeitung"],"share_on_mastodon":{"url":"https:\/\/pubeurope.com\/@de\/116392837112032175","error":""},"_links":{"self":[{"href":"https:\/\/www.europesays.com\/de\/wp-json\/wp\/v2\/posts\/940654","targetHints":{"allow":["GET"]}}],"collection":[{"href":"https:\/\/www.europesays.com\/de\/wp-json\/wp\/v2\/posts"}],"about":[{"href":"https:\/\/www.europesays.com\/de\/wp-json\/wp\/v2\/types\/post"}],"author":[{"embeddable":true,"href":"https:\/\/www.europesays.com\/de\/wp-json\/wp\/v2\/users\/2"}],"replies":[{"embeddable":true,"href":"https:\/\/www.europesays.com\/de\/wp-json\/wp\/v2\/comments?post=940654"}],"version-history":[{"count":0,"href":"https:\/\/www.europesays.com\/de\/wp-json\/wp\/v2\/posts\/940654\/revisions"}],"wp:featuredmedia":[{"embeddable":true,"href":"https:\/\/www.europesays.com\/de\/wp-json\/wp\/v2\/media\/940655"}],"wp:attachment":[{"href":"https:\/\/www.europesays.com\/de\/wp-json\/wp\/v2\/media?parent=940654"}],"wp:term":[{"taxonomy":"category","embeddable":true,"href":"https:\/\/www.europesays.com\/de\/wp-json\/wp\/v2\/categories?post=940654"},{"taxonomy":"post_tag","embeddable":true,"href":"https:\/\/www.europesays.com\/de\/wp-json\/wp\/v2\/tags?post=940654"}],"curies":[{"name":"wp","href":"https:\/\/api.w.org\/{rel}","templated":true}]}}