{"id":941112,"date":"2026-04-12T21:31:14","date_gmt":"2026-04-12T21:31:14","guid":{"rendered":"https:\/\/www.europesays.com\/de\/941112\/"},"modified":"2026-04-12T21:31:14","modified_gmt":"2026-04-12T21:31:14","slug":"ex-nuernberg-profi-wirsching-nach-radunfall-gestorben","status":"publish","type":"post","link":"https:\/\/www.europesays.com\/de\/941112\/","title":{"rendered":"Ex-N\u00fcrnberg-Profi Wirsching nach Radunfall gestorben"},"content":{"rendered":"<p>Der fr\u00fchere Bundesliga-Profi Reiner Wirsching ist tot. Der einstige St\u00fcrmer des 1. FC N\u00fcrnberg verstarb am Samstag im Alter von 63 Jahren an den Folgen eines schweren Fahrradunfalls. Das hat der Bayerische Rundfunk aus dem Umfeld des Verstorbenen erfahren, nachdem das Portal <a href=\"https:\/\/mainfranken.news\/2026\/04\/12\/grosse-trauer-in-der-region-reiner-wirsching-ist-an-seinen-schweren-kopfverletzungen-nach-einem-tragischen-radunfall-verstorben\/\" rel=\"nofollow noopener\" target=\"_blank\">&#8222;Mainfranken News&#8220;<\/a> [externer Link] zuerst dar\u00fcber berichtet hatte. <\/p>\n<p>Dem Medienbericht zufolge war Wirsching bereits am Donnerstagabend auf einer Bundesstra\u00dfe nahe Bad Kissingen mit dem Fahrrad unterwegs, als es zu dem folgenschweren Unfall kam. Dabei soll ein Reh den ehemaligen Profi erfasst haben, woraufhin er gest\u00fcrzt und mit dem Kopf aufgeschlagen sein soll. <\/p>\n<p>Reiner Wirsching: 72 Spiele und 14 Tore f\u00fcr den FCN<\/p>\n<p>Wirsching begann seine Fu\u00dfballkarriere in den 1980er-Jahren beim SV Stammheim, ehe er \u00fcber den 1. FC Schweinfurt 1989 zum 1. FC N\u00fcrnberg wechselte. F\u00fcr den Club absolvierte er 72 Spiele und erzielte dabei 14 Tore. Sp\u00e4ter kehrte er nach Schweinfurt zur\u00fcck und lie\u00df seine Laufbahn nach Stationen bei Vestenbergsgreuth, Weismain und W\u00fcrzburg im Jahr 2001 ausklingen. <\/p>\n<p>Nach dem Ende seiner aktiven Karriere war Wirsching als Sportmediziner t\u00e4tig und betreute Mannschaften in verschiedenen Sportarten.<\/p>\n","protected":false},"excerpt":{"rendered":"Der fr\u00fchere Bundesliga-Profi Reiner Wirsching ist tot. Der einstige St\u00fcrmer des 1. FC N\u00fcrnberg verstarb am Samstag im&hellip;\n","protected":false},"author":2,"featured_media":941113,"comment_status":"","ping_status":"","sticky":false,"template":"","format":"standard","meta":{"footnotes":"","_share_on_mastodon":"0"},"categories":[1837],"tags":[783,772,3364,29,32811,30,4156,3783,205077,3533],"class_list":["post-941112","post","type-post","status-publish","format-standard","has-post-thumbnail","category-nuernberg","tag-1-fc-nuernberg","tag-bayern","tag-de","tag-deutschland","tag-fahrradunfall","tag-germany","tag-mittelfranken","tag-nuernberg","tag-reiner-wirsching","tag-todesfall"],"share_on_mastodon":{"url":"https:\/\/pubeurope.com\/@de\/116393875147385605","error":""},"_links":{"self":[{"href":"https:\/\/www.europesays.com\/de\/wp-json\/wp\/v2\/posts\/941112","targetHints":{"allow":["GET"]}}],"collection":[{"href":"https:\/\/www.europesays.com\/de\/wp-json\/wp\/v2\/posts"}],"about":[{"href":"https:\/\/www.europesays.com\/de\/wp-json\/wp\/v2\/types\/post"}],"author":[{"embeddable":true,"href":"https:\/\/www.europesays.com\/de\/wp-json\/wp\/v2\/users\/2"}],"replies":[{"embeddable":true,"href":"https:\/\/www.europesays.com\/de\/wp-json\/wp\/v2\/comments?post=941112"}],"version-history":[{"count":0,"href":"https:\/\/www.europesays.com\/de\/wp-json\/wp\/v2\/posts\/941112\/revisions"}],"wp:featuredmedia":[{"embeddable":true,"href":"https:\/\/www.europesays.com\/de\/wp-json\/wp\/v2\/media\/941113"}],"wp:attachment":[{"href":"https:\/\/www.europesays.com\/de\/wp-json\/wp\/v2\/media?parent=941112"}],"wp:term":[{"taxonomy":"category","embeddable":true,"href":"https:\/\/www.europesays.com\/de\/wp-json\/wp\/v2\/categories?post=941112"},{"taxonomy":"post_tag","embeddable":true,"href":"https:\/\/www.europesays.com\/de\/wp-json\/wp\/v2\/tags?post=941112"}],"curies":[{"name":"wp","href":"https:\/\/api.w.org\/{rel}","templated":true}]}}