{"id":941124,"date":"2026-04-12T21:37:14","date_gmt":"2026-04-12T21:37:14","guid":{"rendered":"https:\/\/www.europesays.com\/de\/941124\/"},"modified":"2026-04-12T21:37:14","modified_gmt":"2026-04-12T21:37:14","slug":"nervenschaeden-haftcreme-macht-gebisstraeger-krank-regional","status":"publish","type":"post","link":"https:\/\/www.europesays.com\/de\/941124\/","title":{"rendered":"Nervensch\u00e4den! Haftcreme macht Gebisstr\u00e4ger krank | Regional"},"content":{"rendered":"<p><b>Ein 66-J\u00e4hriger kann pl\u00f6tzlich kaum noch laufen, im MRT zeigen sich massive Sch\u00e4den im R\u00fcckenmark. Die \u00c4rzte vermuten zun\u00e4chst eine bekannte Nervenerkrankung, doch der Zustand verschlechtert sich viel zu schnell. Sie stehen vor einem R\u00e4tsel\u00a0\u2026 bis ihnen im Labor ein ungew\u00f6hnlicher Wert auff\u00e4llt und sie zu dem Schluss kommen: Die Haftcreme seines k\u00fcnstlichen Gebisses hat den Mann krank gemacht!<\/b><\/p>\n<p>Lesen Sie mit BILDplus, wie es zu der ungew\u00f6hnlichen Diagnose kam, was die Wissenschaft dar\u00fcber wei\u00df und wie der Gebisstr\u00e4ger am Ende gerettet werden konnte.<\/p>\n","protected":false},"excerpt":{"rendered":"Ein 66-J\u00e4hriger kann pl\u00f6tzlich kaum noch laufen, im MRT zeigen sich massive Sch\u00e4den im R\u00fcckenmark. Die \u00c4rzte vermuten&hellip;\n","protected":false},"author":2,"featured_media":941125,"comment_status":"","ping_status":"","sticky":false,"template":"","format":"standard","meta":{"footnotes":"","_share_on_mastodon":"0"},"categories":[1824],"tags":[2420,3364,181674,29,205169,30,205167,3263,947,837,122397,32199,20230,45,205168],"class_list":["post-941124","post","type-post","status-publish","format-standard","has-post-thumbnail","category-bremen","tag-bremen","tag-de","tag-deep-news","tag-deutschland","tag-dritte-zaehne","tag-germany","tag-haftcreme","tag-krankenhaus","tag-kupfer","tag-medizin","tag-prothesen","tag-seltene-krankheiten","tag-symptome","tag-texttospeech","tag-zahnersatz"],"share_on_mastodon":{"url":"https:\/\/pubeurope.com\/@de\/116393898606529541","error":""},"_links":{"self":[{"href":"https:\/\/www.europesays.com\/de\/wp-json\/wp\/v2\/posts\/941124","targetHints":{"allow":["GET"]}}],"collection":[{"href":"https:\/\/www.europesays.com\/de\/wp-json\/wp\/v2\/posts"}],"about":[{"href":"https:\/\/www.europesays.com\/de\/wp-json\/wp\/v2\/types\/post"}],"author":[{"embeddable":true,"href":"https:\/\/www.europesays.com\/de\/wp-json\/wp\/v2\/users\/2"}],"replies":[{"embeddable":true,"href":"https:\/\/www.europesays.com\/de\/wp-json\/wp\/v2\/comments?post=941124"}],"version-history":[{"count":0,"href":"https:\/\/www.europesays.com\/de\/wp-json\/wp\/v2\/posts\/941124\/revisions"}],"wp:featuredmedia":[{"embeddable":true,"href":"https:\/\/www.europesays.com\/de\/wp-json\/wp\/v2\/media\/941125"}],"wp:attachment":[{"href":"https:\/\/www.europesays.com\/de\/wp-json\/wp\/v2\/media?parent=941124"}],"wp:term":[{"taxonomy":"category","embeddable":true,"href":"https:\/\/www.europesays.com\/de\/wp-json\/wp\/v2\/categories?post=941124"},{"taxonomy":"post_tag","embeddable":true,"href":"https:\/\/www.europesays.com\/de\/wp-json\/wp\/v2\/tags?post=941124"}],"curies":[{"name":"wp","href":"https:\/\/api.w.org\/{rel}","templated":true}]}}