{"id":941254,"date":"2026-04-12T23:00:18","date_gmt":"2026-04-12T23:00:18","guid":{"rendered":"https:\/\/www.europesays.com\/de\/941254\/"},"modified":"2026-04-12T23:00:18","modified_gmt":"2026-04-12T23:00:18","slug":"auto-rammt-sattelzug-auf-a9-bei-feucht-und-fluechtet","status":"publish","type":"post","link":"https:\/\/www.europesays.com\/de\/941254\/","title":{"rendered":"Auto rammt Sattelzug auf A9 bei Feucht und fl\u00fcchtet"},"content":{"rendered":"<p class=\"em_text\"><strong>Beim Einf\u00e4deln auf die A9 hat ein Autofahrer am Donnerstagabend einen Sattelzug seitlich angefahren und ist dann gefl\u00fcchtet. Bl\u00f6d nur, dass der 50-j\u00e4hrige Kraftfahrer eine Dashcam an Bord hatte. Nun ermittelt die <\/strong><a href=\"https:\/\/www.donaukurier.de\/Polizei\" target=\"_blank\" rel=\"nofollow noopener\">Polizei<\/a><strong>. <\/strong><\/p>\n<p>Der Zusammensto\u00df passierte  Donnerstag gegen 21.30 Uhr. Der Kraftfahrer war mit seinem MAN-Sattelzug auf der A 9 auf der rechten Fahrspur in Richtung Berlin unterwegs. Auf H\u00f6he des Autobahndreiecks Feucht wollte von der A 73 kommend der  Fahrer eines Kleinwagens auf die A 9 auffahren. Dabei \u00fcbersah der Autofahrer aber den dort schon fahrenden Sattelzug und es kam zum seitlichen Zusammensto\u00df auf der Beifahrerseite des Sattelzuges mit der Fahrerseite des Autos kam. Nach dem Zusammensto\u00df entfernte sich das Auto  beschleunigt von der Unfallstelle. Der Sattelzugfahrer versuchte noch mit Hupe, Lichthupe und Warnblinker auf sich aufmerksam zu machen, was vom Autofahrer jedoch ignoriert wurde. <\/p>\n<p>An der Sattelzugmaschine  entstand ein Schaden in H\u00f6he von rund 2500 Euro. Das Gespann blieb aber fahrbereit. Derzeit wird die Dashcam-Aufzeichnung des Sattelzuges ausgewertet, auf der auch der Zusammensto\u00df sichtbar sein d\u00fcrfte. Ein Verfahren gegen den Fahrer wegen unerlaubten Entfernen vom Unfallort wurde eingeleitet. Zeugen des Unfalls werden zudem gebeten, sich bei der  Verkehrspolizei Feucht unter Telefon (09128) 91 97-0 zu melden.<\/p>\n","protected":false},"excerpt":{"rendered":"Beim Einf\u00e4deln auf die A9 hat ein Autofahrer am Donnerstagabend einen Sattelzug seitlich angefahren und ist dann gefl\u00fcchtet.&hellip;\n","protected":false},"author":2,"featured_media":941255,"comment_status":"","ping_status":"","sticky":false,"template":"","format":"standard","meta":{"footnotes":"","_share_on_mastodon":"0"},"categories":[1837],"tags":[32244,5543,772,3364,29,30,3783,121],"class_list":["post-941254","post","type-post","status-publish","format-standard","has-post-thumbnail","category-nuernberg","tag-a9","tag-autobahn","tag-bayern","tag-de","tag-deutschland","tag-germany","tag-nuernberg","tag-polizei"],"share_on_mastodon":{"url":"https:\/\/pubeurope.com\/@de\/116394225151415866","error":""},"_links":{"self":[{"href":"https:\/\/www.europesays.com\/de\/wp-json\/wp\/v2\/posts\/941254","targetHints":{"allow":["GET"]}}],"collection":[{"href":"https:\/\/www.europesays.com\/de\/wp-json\/wp\/v2\/posts"}],"about":[{"href":"https:\/\/www.europesays.com\/de\/wp-json\/wp\/v2\/types\/post"}],"author":[{"embeddable":true,"href":"https:\/\/www.europesays.com\/de\/wp-json\/wp\/v2\/users\/2"}],"replies":[{"embeddable":true,"href":"https:\/\/www.europesays.com\/de\/wp-json\/wp\/v2\/comments?post=941254"}],"version-history":[{"count":0,"href":"https:\/\/www.europesays.com\/de\/wp-json\/wp\/v2\/posts\/941254\/revisions"}],"wp:featuredmedia":[{"embeddable":true,"href":"https:\/\/www.europesays.com\/de\/wp-json\/wp\/v2\/media\/941255"}],"wp:attachment":[{"href":"https:\/\/www.europesays.com\/de\/wp-json\/wp\/v2\/media?parent=941254"}],"wp:term":[{"taxonomy":"category","embeddable":true,"href":"https:\/\/www.europesays.com\/de\/wp-json\/wp\/v2\/categories?post=941254"},{"taxonomy":"post_tag","embeddable":true,"href":"https:\/\/www.europesays.com\/de\/wp-json\/wp\/v2\/tags?post=941254"}],"curies":[{"name":"wp","href":"https:\/\/api.w.org\/{rel}","templated":true}]}}