{"id":941362,"date":"2026-04-13T00:03:22","date_gmt":"2026-04-13T00:03:22","guid":{"rendered":"https:\/\/www.europesays.com\/de\/941362\/"},"modified":"2026-04-13T00:03:22","modified_gmt":"2026-04-13T00:03:22","slug":"sg-finnentrop-bamenohl-sichert-sich-knappen-sieg-gegen-den-1-fc-gievenbeck","status":"publish","type":"post","link":"https:\/\/www.europesays.com\/de\/941362\/","title":{"rendered":"SG Finnentrop\/Bamenohl sichert sich knappen Sieg gegen den 1. FC Gievenbeck"},"content":{"rendered":"<p>                                Spielinfos:<br \/>\nDatum &amp; Uhrzeit: 12.04.2026 14.30 Uhr<br \/>Austragungsort: M\u00fcnster<br \/>Wettbewerb: Oberliga Westfalen<br \/>Spieltag: 31<\/p>\n<p>Spielbericht: 1. FC Gievenbeck gegen SG Finnentrop\/Bamenohl 2:3 (2:1)<\/p>\n<p id=\"absatz2\" class=\"em_text\">M\u00fcnster. Wie konnte das passieren? Nach einem soliden Start wendet sich das Blatt f\u00fcr die Gievenbecker Gastgeber zugunsten der SG Finnentrop\/Bamenohl.<\/p>\n<p id=\"absatz3\" class=\"em_text\">Bereits kurz nach Ansto\u00df landet Leo Scheipers den ersten Treffer und setzt die G\u00e4ste unter Druck (6). Die Gievenbecker sind aber noch nicht fertig: In Minute 41 f\u00e4llt ein weiteres Tor durch Fabian Witt. Finnentrop\/Bamenohl ist zwei Tore im R\u00fcckstand. Doch dann wendet sich das Blatt: Robin Klaas startet zum Gegenangriff, schie\u00dft und trifft (45+3). Der Beginn eines wunderbaren Comebacks. 28 Minuten sp\u00e4ter legt das Team von Jonas Ermes nach und locht ein weiteres Mal ein (73). Es steht 2:2.<\/p>\n<p id=\"absatz4\" class=\"em_text\">Das Spiel ist fast vorbei, da knallt es noch einmal: Neun Minuten vor Abpfiff man\u00f6vriert Maurice Danielle Werlein den Ball mit Erfolg \u00fcber die Linie und sichert den Siegtreffer f\u00fcr das Team aus Finnentrop\/Bamenohl (81).<\/p>\n<p id=\"absatz5\" class=\"em_text\">Tore fallen keine mehr, langweilig ist der Rest des Spiels deswegen nicht. Die SG Finnentrop\/Bamenohl wird noch dreimal mit Gelb verwarnt.<\/p>\n<p>Die Aufstellungen: 1. FC Gievenbeck &#8211; SG Finnentrop\/Bamenohl<br \/>\nFC Gievenbeck: Nico Eschhaus (1), Alexander Wieth\u00f6lter (9), Mika Keute (6), Malte Wesberg (4), Louis Elias Martin (7), Jonas Tepper (2), Leo Scheipers (17), Leon Richter (18), Niklas Beil (12), Fabian Witt (10), Niklas Klinke (19)<\/p>\n<p id=\"absatz6\" class=\"em_text\">SG Finnentrop\/Bamenohl: Gordon Meyer (11), Maurice Danielle Werlein (24), Nasim Chatar (3), Robin Klaas (22), Christopher Hennes (8), Ingmar Klose (1), Eren Albayrak (21), Felix Antonio Schmitt (28), Moritz K\u00fcmhof (15), Anas Akhabach (26), Maximilian Humberg (4)<br \/>Schiedsrichter: Florian Visse<\/p>\n<p id=\"absatz7\" class=\"em_text\">Assistent: Patrick Prinssen<\/p>\n<p id=\"absatz8\" class=\"em_text\">Assistent: Mahsum Iciger<\/p>\n<p id=\"absatz9\" class=\"em_text\" style=\"font-size: .8em;\">Die Inhalte dieses Berichts wurden automatisch auf der Basis von DFB-Daten zusammengestellt.<\/p>\n","protected":false},"excerpt":{"rendered":"Spielinfos: Datum &amp; Uhrzeit: 12.04.2026 14.30 UhrAustragungsort: M\u00fcnsterWettbewerb: Oberliga WestfalenSpieltag: 31 Spielbericht: 1. FC Gievenbeck gegen SG Finnentrop\/Bamenohl&hellip;\n","protected":false},"author":2,"featured_media":66195,"comment_status":"","ping_status":"","sticky":false,"template":"","format":"standard","meta":{"footnotes":"","_share_on_mastodon":"0"},"categories":[1843],"tags":[17783,7763,29526,3364,29,55181,17711,5282,30,17786,205213,8405,205212,734,7774,1613,8970,1209,12006,106728,17712,7773,301,7765,7764,8404],"class_list":["post-941362","post","type-post","status-publish","format-standard","has-post-thumbnail","category-muenster","tag-1-fc-gievenbeck","tag-austragungsort","tag-bamenohl","tag-de","tag-deutschland","tag-fabian-witt","tag-finnentrop","tag-fuball","tag-germany","tag-gievenbeck","tag-leo-scheipers","tag-mnster","tag-maurice-danielle-werlein","tag-meta_artikelklasse_nachricht","tag-meta_themen_sport","tag-meta_userneeds_informieremich","tag-muenster","tag-nordrhein-westfalen","tag-oberliga","tag-robin-klaas","tag-serie_ligaid_210198","tag-serie_ligaid_all","tag-spielbericht","tag-spielinfo","tag-uhrzeit","tag-westfalen"],"share_on_mastodon":{"url":"https:\/\/pubeurope.com\/@de\/116394472703285018","error":""},"_links":{"self":[{"href":"https:\/\/www.europesays.com\/de\/wp-json\/wp\/v2\/posts\/941362","targetHints":{"allow":["GET"]}}],"collection":[{"href":"https:\/\/www.europesays.com\/de\/wp-json\/wp\/v2\/posts"}],"about":[{"href":"https:\/\/www.europesays.com\/de\/wp-json\/wp\/v2\/types\/post"}],"author":[{"embeddable":true,"href":"https:\/\/www.europesays.com\/de\/wp-json\/wp\/v2\/users\/2"}],"replies":[{"embeddable":true,"href":"https:\/\/www.europesays.com\/de\/wp-json\/wp\/v2\/comments?post=941362"}],"version-history":[{"count":0,"href":"https:\/\/www.europesays.com\/de\/wp-json\/wp\/v2\/posts\/941362\/revisions"}],"wp:featuredmedia":[{"embeddable":true,"href":"https:\/\/www.europesays.com\/de\/wp-json\/wp\/v2\/media\/66195"}],"wp:attachment":[{"href":"https:\/\/www.europesays.com\/de\/wp-json\/wp\/v2\/media?parent=941362"}],"wp:term":[{"taxonomy":"category","embeddable":true,"href":"https:\/\/www.europesays.com\/de\/wp-json\/wp\/v2\/categories?post=941362"},{"taxonomy":"post_tag","embeddable":true,"href":"https:\/\/www.europesays.com\/de\/wp-json\/wp\/v2\/tags?post=941362"}],"curies":[{"name":"wp","href":"https:\/\/api.w.org\/{rel}","templated":true}]}}