{"id":941500,"date":"2026-04-13T01:34:26","date_gmt":"2026-04-13T01:34:26","guid":{"rendered":"https:\/\/www.europesays.com\/de\/941500\/"},"modified":"2026-04-13T01:34:26","modified_gmt":"2026-04-13T01:34:26","slug":"blitzer-aktion-der-polizei-bielefeld-massive-tempokontrollen-ab-montag-13-april","status":"publish","type":"post","link":"https:\/\/www.europesays.com\/de\/941500\/","title":{"rendered":"Blitzer-Aktion der Polizei Bielefeld \u2013 massive Tempokontrollen ab Montag, 13. April"},"content":{"rendered":"<p id=\"absatz1\" class=\"em_text\">Bielefeld. Das Ordnungsamt der Stadt Bielefeld plant in der Kalenderwoche 15 vom 13. bis 19. April 2026 wieder mobile Geschwindigkeitsmessungen in mehreren Stra\u00dfen. Auch wichtige Pendlerrouten sind nach dem Ende der Osterferien dabei. Parallel f\u00fchrt die Bielefelder Polizei im Stadtgebiet und auf den Autobahnabschnitten in Ostwestfalen-Lippe in dieser Woche verst\u00e4rkt Geschwindigkeits\u00fcberwachungen durch. Hintergrund ist die europaweite Aktion \u201eRoadpol Operation Speed\u201c, an der sich die Bielefelder Beamten beteiligen.<\/p>\n<p id=\"absatz2\" class=\"em_text\">Das Ziel sei die Anzahl der Verkehrsunf\u00e4lle, bei denen Personen zu Schaden kommen, gezielt im Raum Bielefeld zu senken, hei\u00dft es in einer Mitteilung der Polizei Bielefeld. Im Jahr 2025 ereigneten sich im Bielefelder Stadtgebiet demnach 1.071 (2024: 1.050) Verkehrsunf\u00e4lle mit Personenschaden. In 92 F\u00e4llen (2024: 92) war \u201eGeschwindigkeit\u201c Hauptunfallursache.<\/p>\n<p id=\"absatz3\" class=\"em_text\">Auf den Bundesautobahnen im Zust\u00e4ndigkeitsbereich des Polizeipr\u00e4sidiums Bielefeld wurden 2025 bei 297 (2024: 294) Verkehrsunf\u00e4llen 482 (2024: 496) Menschen verletzt oder get\u00f6tet. Bei 80 (2024: 95) Unf\u00e4llen, bei denen Personen verletzt wurden, z\u00e4hlte \u00fcberh\u00f6hte oder nicht angepasste Geschwindigkeit zu den Unfallursachen. Damit eine der h\u00e4ufigsten Unfallursachen auf den Autobahnen im Raum Bielefeld, <a href=\"https:\/\/bielefeld.polizei.nrw\/presse\/polizei-bielefeld-beteiligt-sich-an-roadpol-operation-speed\" target=\"_blank\" rel=\"nofollow noopener\">informiert die Polizei Bielefeld<\/a>.<\/p>\n<p>\n        \u00d7\n    <\/p>\n<p>\n            Sie erhalten in wenigen Minuten eine E-Mail zur Best\u00e4tigung Ihrer Anmeldung.\n        <\/p>\n<p>Erst danach ist diese abgeschlossen.<\/p>\n<p>Bitte pr\u00fcfen Sie auch den Spam-Ordner.<\/p>\n<p>\n        \u00d7\n    <\/p>\n<p>\n            Sie haben bisher Ihre E-Mail-Adresse noch nicht best\u00e4tigt.\n        <\/p>\n<p>Erst danach ist diese abgeschlossen.<\/p>\n<p>Bitte pr\u00fcfen Sie auch den Spam-Ordner.<\/p>\n<p>\n        \u00d7\n    <\/p>\n<p>\n            Es ist einen Fehler aufgetreten\n        <\/p>\n<p>Bei Fragen hilft unser Newsletter-Support<\/p>\n<p> Newsletter<\/p>\n<p> Aus Bielefeld<\/p>\n<p>W\u00f6chentliche News direkt aus der Redaktion Bielefeld.<\/p>\n<p>                Jetzt anmelden<\/p>\n<p>An diesen Hauptverkehrsstra\u00dfen stehen Blitzer des Ordnungsamts<\/p>\n<p class=\"Liste\" data-semantic=\"p\">Eckendorfer Stra\u00dfe<\/p>\n<p id=\"absatz5\" class=\"Liste\" data-semantic=\"p\">Detmolder Stra\u00dfe<\/p>\n<p id=\"absatz6\" class=\"Liste\" data-semantic=\"p\">Herforder Stra\u00dfe<\/p>\n<p id=\"absatz7\" class=\"Liste\" data-semantic=\"p\">Stapenhorststra\u00dfe<\/p>\n<p>An diesen weiteren Bielefelder Stra\u00dfen stehen die Blitzer<\/p>\n<p id=\"absatz8\" class=\"Liste\" data-semantic=\"p\">Am Brodhagen<\/p>\n<p id=\"absatz9\" class=\"Liste\" data-semantic=\"p\">Am Speksel<\/p>\n<p id=\"absatz10\" class=\"Liste\" data-semantic=\"p\">Am Venn<\/p>\n<p id=\"absatz11\" class=\"Liste\" data-semantic=\"p\">Amtsstra\u00dfe<\/p>\n<p id=\"absatz12\" class=\"Liste\" data-semantic=\"p\">Apfelstra\u00dfe<\/p>\n<p id=\"absatz13\" class=\"Liste\" data-semantic=\"p\">Bentruperheider Weg<\/p>\n<p id=\"absatz14\" class=\"Liste\" data-semantic=\"p\">Braker Stra\u00dfe<\/p>\n<p id=\"absatz15\" class=\"Liste\" data-semantic=\"p\">Breede<\/p>\n<p id=\"absatz16\" class=\"Liste\" data-semantic=\"p\">B\u00fcnder Stra\u00dfe<\/p>\n<p id=\"absatz17\" class=\"Liste\" data-semantic=\"p\">Buschkampstra\u00dfe<\/p>\n<p id=\"absatz18\" class=\"Liste\" data-semantic=\"p\">Cheruskerstra\u00dfe<\/p>\n<p id=\"absatz19\" class=\"Liste\" data-semantic=\"p\">Dingerdisser Heide<\/p>\n<p id=\"absatz20\" class=\"Liste\" data-semantic=\"p\">Eickumer Stra\u00dfe<\/p>\n<p id=\"absatz21\" class=\"Liste\" data-semantic=\"p\">Epiphanienweg<\/p>\n<p id=\"absatz22\" class=\"Liste\" data-semantic=\"p\">Friedhofstra\u00dfe<\/p>\n<p id=\"absatz23\" class=\"Liste\" data-semantic=\"p\">Germanenstra\u00dfe<\/p>\n<p id=\"absatz24\" class=\"Liste\" data-semantic=\"p\">Gro\u00dfdornberger Stra\u00dfe<\/p>\n<p id=\"absatz25\" class=\"Liste\" data-semantic=\"p\">Gro\u00dfe-Kurf\u00fcrsten-Stra\u00dfe<\/p>\n<p id=\"absatz26\" class=\"Liste\" data-semantic=\"p\">Grundstra\u00dfe<\/p>\n<p id=\"absatz27\" class=\"Liste\" data-semantic=\"p\">Horstheider Weg<\/p>\n<p id=\"absatz28\" class=\"Liste\" data-semantic=\"p\">Im Bergsiek<\/p>\n<p id=\"absatz29\" class=\"Liste\" data-semantic=\"p\">Kasseler Stra\u00dfe<\/p>\n<p id=\"absatz30\" class=\"Liste\" data-semantic=\"p\">Marienfelder Stra\u00dfe<\/p>\n<p id=\"absatz31\" class=\"Liste\" data-semantic=\"p\">Meierfeld<\/p>\n<p id=\"absatz32\" class=\"Liste\" data-semantic=\"p\">Meyer-zu-Eissen-Weg<\/p>\n<p id=\"absatz33\" class=\"Liste\" data-semantic=\"p\">Mondsteinweg<\/p>\n<p id=\"absatz34\" class=\"Liste\" data-semantic=\"p\">Nelkenweg<\/p>\n<p id=\"absatz35\" class=\"Liste\" data-semantic=\"p\">Orchideenstra\u00dfe<\/p>\n<p id=\"absatz36\" class=\"Liste\" data-semantic=\"p\">Osningstra\u00dfe<\/p>\n<p id=\"absatz37\" class=\"Liste\" data-semantic=\"p\">Pla\u00dfstra\u00dfe<\/p>\n<p id=\"absatz38\" class=\"Liste\" data-semantic=\"p\">Queller Stra\u00dfe<\/p>\n<p id=\"absatz39\" class=\"Liste\" data-semantic=\"p\">Spiekeroogstra\u00dfe<\/p>\n<p id=\"absatz40\" class=\"Liste\" data-semantic=\"p\">Stieghorster Stra\u00dfe<\/p>\n<p id=\"absatz41\" class=\"Liste\" data-semantic=\"p\">Telgenbrink<\/p>\n<p id=\"absatz42\" class=\"Liste\" data-semantic=\"p\">Twellbachtal<\/p>\n<p id=\"absatz43\" class=\"Liste\" data-semantic=\"p\">Uthmannstra\u00dfe<\/p>\n<p id=\"absatz44\" class=\"Liste\" data-semantic=\"p\">Vilsendorfer Stra\u00dfe<\/p>\n<p id=\"absatz45\" class=\"Liste\" data-semantic=\"p\">Westerfeldstra\u00dfe<\/p>\n<p id=\"absatz46\" class=\"em_text\">\u00c4nderungen und spontane Anpassungen bleiben vorbehalten; dar\u00fcber hinaus ist grunds\u00e4tzlich auch mit weiteren Messungen im gesamten Stadtgebiet zu rechnen.<\/p>\n<p id=\"absatz47\" class=\"em_text\">Die Polizei Bielefeld nennt keine Blitzerstandorte, Konterollen sind jederzeit m\u00f6glich.<\/p>\n<p id=\"absatz48\"><b class=\"bold\">Lesen Sie auch:<\/b> <a href=\"https:\/\/www.nw.de\/lokal\/bielefeld\/mitte\/24078322_Hochmoderne-Blitzersaeulen-in-Bielefeld-Das-sind-die-Standorte-im-Ueberblick.html\" rel=\"nofollow noopener\" target=\"_blank\">Hochmoderne Blitzers\u00e4ulen in Bielefeld: Das sind die Standorte im \u00dcberblick<\/a><\/p>\n<p>Feste Blitzer-Standorte in Bielefeld im \u00dcberblick<\/p>\n<p id=\"absatz49\" class=\"em_text Zwischenzeile\" data-semantic=\"p\">Geschwindigkeitsverst\u00f6\u00dfe: Strafen f\u00fcr Tempos\u00fcnder<\/p>\n<p id=\"absatz50\" class=\"em_text\">In der nachfolgenden \u00dcbersicht sind Bu\u00dfgelder, Punkte und Strafen aufgef\u00fchrt, die Autofahrerinnen und Autofahrer bei Tempoverst\u00f6\u00dfen au\u00dferorts und innerorts erwarten:<\/p>\n<p id=\"absatz51\">\ud83d\udcf1News <b class=\"NormalTextRun SCXW255721648 BCX0 NormalTextRun SCXW44374146 BCX0 TextRun SCXW211236704 BCX0 NormalTextRun SCXW211236704 BCX0 NormalTextRun SCXW63684834 BCX0 TextRun SCXW212112547 BCX0 NormalTextRun SCXW212112547 BCX0 TextRun SCXW88872834 BCX0 NormalTextRun SCXW88872834 BCX0 NormalTextRun SCXW212397444 BCX0 TextRun SCXW62038097 BCX0 NormalTextRun SCXW62038097 BCX0 NormalTextRun SCXW158349761 BCX0 TextRun SCXW153888588 BCX0 NormalTextRun SCXW153888588 BCX0 TextRun SCXW163160103 BCX0 NormalTextRun SCXW163160103 BCX0 bold TextRun SCXW6277610 BCX0 NormalTextRun SCXW6277610 BCX0\">direkt aufs Smartphone:<\/b><b class=\"NormalTextRun SCXW255721648 BCX0 NormalTextRun SCXW44374146 BCX0 TextRun SCXW211236704 BCX0 NormalTextRun SCXW211236704 BCX0 NormalTextRun SCXW63684834 BCX0 TextRun SCXW212112547 BCX0 NormalTextRun SCXW212112547 BCX0 TextRun SCXW88872834 BCX0 NormalTextRun SCXW88872834 BCX0 NormalTextRun SCXW212397444 BCX0 TextRun SCXW62038097 BCX0 NormalTextRun SCXW62038097 BCX0 NormalTextRun SCXW158349761 BCX0 TextRun SCXW153888588 BCX0 NormalTextRun SCXW153888588 BCX0 TextRun SCXW163160103 BCX0 NormalTextRun SCXW163160103 BCX0 bold TextRun SCXW6277610 BCX0 NormalTextRun SCXW6277610 BCX0\"> <\/b><a href=\"https:\/\/whatsapp.com\/channel\/0029VaeYHJ40Qeam4DWyn109\" rel=\"noreferrer noopener nofollow\" target=\"_blank\">Hier finden Sie den kostenlosen Whatsapp-Kanal der NW-Bielefeld<\/a> <\/p>\n","protected":false},"excerpt":{"rendered":"Bielefeld. Das Ordnungsamt der Stadt Bielefeld plant in der Kalenderwoche 15 vom 13. bis 19. April 2026 wieder&hellip;\n","protected":false},"author":2,"featured_media":941501,"comment_status":"","ping_status":"","sticky":false,"template":"","format":"standard","meta":{"footnotes":"","_share_on_mastodon":"0"},"categories":[1841],"tags":[9147,6027,1605,3364,16341,29,30,32139,24613,198079,736,164252,26093,1613,1209,22058,121,8179],"class_list":["post-941500","post","type-post","status-publish","format-standard","has-post-thumbnail","category-bielefeld","tag-blitzer","tag-ordnungsamt","tag-bielefeld","tag-de","tag-detmolder-strae","tag-deutschland","tag-germany","tag-geschwindigkeitsmessung","tag-kalenderwoche","tag-meta_artikelklasse_seo","tag-meta_copyrights_nw","tag-meta_eo_zusammenfassung","tag-meta_themen_verkehr_mobilitaet","tag-meta_userneeds_informieremich","tag-nordrhein-westfalen","tag-ostwestfalen-lippe","tag-polizei","tag-tempokontrolle"],"share_on_mastodon":{"url":"https:\/\/pubeurope.com\/@de\/116394830390943032","error":""},"_links":{"self":[{"href":"https:\/\/www.europesays.com\/de\/wp-json\/wp\/v2\/posts\/941500","targetHints":{"allow":["GET"]}}],"collection":[{"href":"https:\/\/www.europesays.com\/de\/wp-json\/wp\/v2\/posts"}],"about":[{"href":"https:\/\/www.europesays.com\/de\/wp-json\/wp\/v2\/types\/post"}],"author":[{"embeddable":true,"href":"https:\/\/www.europesays.com\/de\/wp-json\/wp\/v2\/users\/2"}],"replies":[{"embeddable":true,"href":"https:\/\/www.europesays.com\/de\/wp-json\/wp\/v2\/comments?post=941500"}],"version-history":[{"count":0,"href":"https:\/\/www.europesays.com\/de\/wp-json\/wp\/v2\/posts\/941500\/revisions"}],"wp:featuredmedia":[{"embeddable":true,"href":"https:\/\/www.europesays.com\/de\/wp-json\/wp\/v2\/media\/941501"}],"wp:attachment":[{"href":"https:\/\/www.europesays.com\/de\/wp-json\/wp\/v2\/media?parent=941500"}],"wp:term":[{"taxonomy":"category","embeddable":true,"href":"https:\/\/www.europesays.com\/de\/wp-json\/wp\/v2\/categories?post=941500"},{"taxonomy":"post_tag","embeddable":true,"href":"https:\/\/www.europesays.com\/de\/wp-json\/wp\/v2\/tags?post=941500"}],"curies":[{"name":"wp","href":"https:\/\/api.w.org\/{rel}","templated":true}]}}