{"id":941687,"date":"2026-04-13T03:37:15","date_gmt":"2026-04-13T03:37:15","guid":{"rendered":"https:\/\/www.europesays.com\/de\/941687\/"},"modified":"2026-04-13T03:37:15","modified_gmt":"2026-04-13T03:37:15","slug":"ausgrabungen-im-dortmunder-osten-vorgeschichtliche-wasserstelle","status":"publish","type":"post","link":"https:\/\/www.europesays.com\/de\/941687\/","title":{"rendered":"Ausgrabungen im Dortmunder Osten: Vorgeschichtliche Wasserstelle"},"content":{"rendered":"<p>\t\tAusgrabungen im Dortmunder Osten<br \/>\n\t\t\t\t\tVorgeschichtliche Wasserstelle in Brackel<\/p>\n<p>\t\t\t\t<a class=\"article-author__name\" href=\"https:\/\/www.ruhrnachrichten.de\/author\/esther-burmann\/\" rel=\"author nofollow noopener\" target=\"_blank\">Esther Burmann<\/a><br \/>\n\t\tVolont\u00e4rin<\/p>\n<p>    <a href=\"https:\/\/www.ruhrnachrichten.de\/wp-content\/uploads\/2026\/04\/10\/15\/630_0900_5898216_-1648x824.jpg\" rel=\"nofollow noopener\" target=\"_blank\"><\/p>\n<p>            <img loading=\"lazy\" decoding=\"async\" src=\"https:\/\/www.europesays.com\/de\/wp-content\/uploads\/2026\/04\/630_0900_5897878_-640x428.jpg\" width=\"640\" height=\"428\"  alt=\"Die Wasserstelle wurde etwa 1500 Jahre lang genutzt.\"\/><\/p>\n<p>    <\/a><br \/>\n    Die Wasserstelle wurde etwa 1500 Jahre lang genutzt. \u00a9 Arch\u00e4ologie am Hellweg eG<\/p>\n<p class=\"article__teaser-text\">Wo einst ein Bauernhaus stand, entdeckten Forscher in Dortmund-Brackel eine pr\u00e4historische Wasserstelle, die die fr\u00fche Besiedlung des Hellwegs belegt.<\/p>\n<p>2 Min Lesezeit<\/p>\n<p>Wichtiger SiedlungsraumNat\u00fcrliche WasserstelleLehmhaltiger KalkbodenF\u00fcnf AnalysenBedeutung f\u00fcr Brackel<\/p>\n","protected":false},"excerpt":{"rendered":"Ausgrabungen im Dortmunder Osten Vorgeschichtliche Wasserstelle in Brackel Esther Burmann Volont\u00e4rin Die Wasserstelle wurde etwa 1500 Jahre lang&hellip;\n","protected":false},"author":2,"featured_media":941688,"comment_status":"","ping_status":"","sticky":false,"template":"","format":"standard","meta":{"footnotes":"","_share_on_mastodon":"0"},"categories":[1833],"tags":[10138,3364,29,217,30,497,1209],"class_list":["post-941687","post","type-post","status-publish","format-standard","has-post-thumbnail","category-dortmund","tag-brackel","tag-de","tag-deutschland","tag-dortmund","tag-germany","tag-historisches","tag-nordrhein-westfalen"],"share_on_mastodon":{"url":"https:\/\/pubeurope.com\/@de\/116395314322754952","error":""},"_links":{"self":[{"href":"https:\/\/www.europesays.com\/de\/wp-json\/wp\/v2\/posts\/941687","targetHints":{"allow":["GET"]}}],"collection":[{"href":"https:\/\/www.europesays.com\/de\/wp-json\/wp\/v2\/posts"}],"about":[{"href":"https:\/\/www.europesays.com\/de\/wp-json\/wp\/v2\/types\/post"}],"author":[{"embeddable":true,"href":"https:\/\/www.europesays.com\/de\/wp-json\/wp\/v2\/users\/2"}],"replies":[{"embeddable":true,"href":"https:\/\/www.europesays.com\/de\/wp-json\/wp\/v2\/comments?post=941687"}],"version-history":[{"count":0,"href":"https:\/\/www.europesays.com\/de\/wp-json\/wp\/v2\/posts\/941687\/revisions"}],"wp:featuredmedia":[{"embeddable":true,"href":"https:\/\/www.europesays.com\/de\/wp-json\/wp\/v2\/media\/941688"}],"wp:attachment":[{"href":"https:\/\/www.europesays.com\/de\/wp-json\/wp\/v2\/media?parent=941687"}],"wp:term":[{"taxonomy":"category","embeddable":true,"href":"https:\/\/www.europesays.com\/de\/wp-json\/wp\/v2\/categories?post=941687"},{"taxonomy":"post_tag","embeddable":true,"href":"https:\/\/www.europesays.com\/de\/wp-json\/wp\/v2\/tags?post=941687"}],"curies":[{"name":"wp","href":"https:\/\/api.w.org\/{rel}","templated":true}]}}