{"id":942034,"date":"2026-04-13T07:00:27","date_gmt":"2026-04-13T07:00:27","guid":{"rendered":"https:\/\/www.europesays.com\/de\/942034\/"},"modified":"2026-04-13T07:00:27","modified_gmt":"2026-04-13T07:00:27","slug":"landfrauen-entdecken-aachen-eupen-und-maastricht-auf-busreise","status":"publish","type":"post","link":"https:\/\/www.europesays.com\/de\/942034\/","title":{"rendered":"Landfrauen entdecken Aachen, Eupen und Maastricht auf Busreise"},"content":{"rendered":"<p class=\"\">\n                    Die Reise begann mit einem Blick in die Wunden der Landschaft. Nach einem gem\u00fctlichen Fr\u00fchst\u00fcck am Bus f\u00fchrte der Weg durch das Braunkohlerevier. Ein Fotostopp am Abbaugebiet des Hambacher Forsts verdeutlichte die gewaltigen Ver\u00e4nderungen der Region, vorbei an verlassenen D\u00f6rfern und modernen Umsiedlungen.<br \/>Doch kaum in Aachen angekommen, wandelte sich das Bild: Der Stadtpark empfing die Gruppe in einem wahren Farbenrausch. Die Magnolien standen in voller Pracht, ihre kr\u00e4ftigen Bl\u00fcten umrahmt von einem Meer aus Fr\u00fchjahrsblumen. Ein perfekter Moment f\u00fcr die ersten Erinnerungsfotos, bevor der Abend gesellig an der Hotelbar ausklang.\n            <\/p>\n<p>\n                                Skelett- und Mauerrestefunde am Aachener Dom<br \/>\n                            Foto: Sieglinde Hackling<\/p>\n<p><img decoding=\"async\" src=\"https:\/\/www.europesays.com\/de\/wp-content\/uploads\/2026\/04\/99c20b7e8f5a1fdc.jpg\" title=\"Skelett- und Mauerrestefunde am Aachener Dom\" alt=\"Skelett- und Mauerrestefunde am Aachener Dom\" class=\"lightbox__single-image__content__image-wrapper__img\" loading=\"lazy\" width=\"375\" height=\"210\"\/>Icon MaximizeIcon Lightbox Maximize<\/p>\n<p>SchliessenX ZeichenKleines Zeichen welches ein X symbolisiert<\/p>\n<p><img decoding=\"async\" class=\"lightbox--enabled__container__image-wrapper__img\" src=\"\" alt=\"\"\/><\/p>\n<p class=\"\">\n                    Der Montag stand ganz im Zeichen unserer Nachbarn. Ein Ausflug f\u00fchrte ins belgische Eupen, das f\u00fcr seine Tuchmacherzeit mit feinsten Stoffen aus gewalkter spanischer Merinowolle und Export nach Asien im 18. Jahrhundert bekannt ist. Als politisches Zentrum der deutschsprachigen Gemeinschaft bestach das St\u00e4dtchen nicht nur durch seinen Charme als Kneippkurort, sondern auch als Herzst\u00fcck der Eifeler Genusslandschaft.<br \/>Zur\u00fcck in Aachen wartete ein echtes Highlight auf unsere Gruppe. Die Stadtf\u00fchrung wurde zur spannenden Zeitreise. Besonders aufregend waren die erst wenige Wochen alten Skelett- und Mauerfunde direkt am Dom. Durch Baumf\u00e4llarbeiten freigelegt, gaben diese Funde den Blick auf die M\u00fcnsterthermen frei, die vermutlich gr\u00f6\u00dften r\u00f6mischen Heilthermen, die Aachen einst besa\u00df.\n            <\/p>\n<p class=\"\">\n                    Was w\u00e4re ein Besuch in der Kaiserstadt jedoch ohne ihr s\u00fc\u00dfes Wahrzeichen? W\u00e4hrend der Besichtigung durften Kostproben der originalen Aachener Printen nat\u00fcrlich nicht fehlen. Ob mit Schokolade, N\u00fcssen oder ganz klassisch, das w\u00fcrzige Geb\u00e4ck sorgte f\u00fcr die n\u00f6tige St\u00e4rkung zwischen den historischen Mauern.\n            <\/p>\n<p>\n                                Verkostung Aachener Printen<br \/>\n                            Foto: Sieglinde Hackling<\/p>\n<p><img decoding=\"async\" src=\"https:\/\/www.europesays.com\/de\/wp-content\/uploads\/2026\/04\/bb23af1ed3de003b.jpg\" title=\"Verkostung Aachener Printen\" alt=\"Verkostung Aachener Printen\" class=\"lightbox__single-image__content__image-wrapper__img\" loading=\"lazy\" width=\"375\" height=\"210\"\/>Icon MaximizeIcon Lightbox Maximize<\/p>\n<p>SchliessenX ZeichenKleines Zeichen welches ein X symbolisiert<\/p>\n<p><img decoding=\"async\" class=\"lightbox--enabled__container__image-wrapper__img\" src=\"\" alt=\"\"\/><\/p>\n<p class=\"\">\n                    Am Dienstag lockte der Ausflug ins Dreil\u00e4ndereck Deutschland, Niederlande und Belgien und am Nachmittag ein Aufenthalt im niederl\u00e4ndischen Maastricht. W\u00e4hrend einige Damen in Erinnerungen an die glanzvollen Konzerte von Andr\u00e9 Rieu auf dem Vrijthof schwelgten, bestaunten andere die historische Architektur und zahlreichen Kunstobjekte in der kopfsteingepflasterten Altstadt. Ein besonderer Fotopoint war au\u00dferdem Rieus historisches Elternhaus an einer alten M\u00fchle hinter der Stadtmauer. Den geb\u00fchrenden Abschluss fand der Tag in Aachener Tradition: Ein z\u00fcnftiges Essen im Brauhaus und ein Cocktail in der \u201ekleinsten Kneipe Europas\u201c.\n            <\/p>\n<p>\n                                Stadt Eupen, Park Moorenh\u00f6he<br \/>\n                            Foto: Sieglinde Hackling<\/p>\n<p><img decoding=\"async\" src=\"https:\/\/www.europesays.com\/de\/wp-content\/uploads\/2026\/04\/9848074bba4fa4fc.jpg\" title=\"Stadt Eupen, Park Moorenh\u00f6he\" alt=\"Stadt Eupen, Park Moorenh\u00f6he\" class=\"lightbox__single-image__content__image-wrapper__img\" loading=\"lazy\" width=\"375\" height=\"210\"\/>Icon MaximizeIcon Lightbox Maximize<\/p>\n<p>SchliessenX ZeichenKleines Zeichen welches ein X symbolisiert<\/p>\n<p><img decoding=\"async\" class=\"lightbox--enabled__container__image-wrapper__img\" src=\"\" alt=\"\"\/><\/p>\n<p class=\"\">\n                    Bevor es am Mittwoch endg\u00fcltig Richtung Heimat ging, durfte ein Besuch im malerischen Monschau nicht fehlen. Die Fachwerkh\u00e4user der Eifelstadt boten noch einmal eine malerische Kulisse, bevor ein letzter Zwischenstopp im Landschaftspark Duisburg noch den Bogen zur Industriegeschichte schlug. Nach einer gem\u00fctlichen Kaffeetafel tauchten wir Landfrauen in die Welt des Bergbaus ein. Das war ein w\u00fcrdiger Abschluss f\u00fcr eine Reise voller Kontraste.<\/p>\n<p>Mit \u201eEngelswetter\u201c im Gep\u00e4ck und vielen neuen Eindr\u00fccken im Kopf endete eine Fahrt, die vor allem eines war: ein Zeugnis guter Stimmung und herzlicher Geselligkeit.<\/p>\n<p>Dieser Text wurde erstellt von:<br \/>Sieglinde Hackling<br \/>Landfrauen Aschendorf\n            <\/p>\n","protected":false},"excerpt":{"rendered":"Die Reise begann mit einem Blick in die Wunden der Landschaft. Nach einem gem\u00fctlichen Fr\u00fchst\u00fcck am Bus f\u00fchrte&hellip;\n","protected":false},"author":2,"featured_media":942035,"comment_status":"","ping_status":"","sticky":false,"template":"","format":"standard","meta":{"footnotes":"","_share_on_mastodon":"0"},"categories":[1853],"tags":[1424,132232,1423,3364,29,3715,548,98154,663,3934,30,13,20873,54076,14,15,965,1209,68378,12,10279],"class_list":["post-942034","post","type-post","status-publish","format-standard","has-post-thumbnail","category-aachen","tag-aachen","tag-andre-rieu","tag-belgien","tag-de","tag-deutschland","tag-duisburg","tag-eu","tag-eupen","tag-europa","tag-europe","tag-germany","tag-headlines","tag-landschaft","tag-maastricht","tag-nachrichten","tag-news","tag-niederlande","tag-nordrhein-westfalen","tag-reisetip","tag-schlagzeilen","tag-sehenswuerdigkeit"],"share_on_mastodon":{"url":"https:\/\/pubeurope.com\/@de\/116396112486470671","error":""},"_links":{"self":[{"href":"https:\/\/www.europesays.com\/de\/wp-json\/wp\/v2\/posts\/942034","targetHints":{"allow":["GET"]}}],"collection":[{"href":"https:\/\/www.europesays.com\/de\/wp-json\/wp\/v2\/posts"}],"about":[{"href":"https:\/\/www.europesays.com\/de\/wp-json\/wp\/v2\/types\/post"}],"author":[{"embeddable":true,"href":"https:\/\/www.europesays.com\/de\/wp-json\/wp\/v2\/users\/2"}],"replies":[{"embeddable":true,"href":"https:\/\/www.europesays.com\/de\/wp-json\/wp\/v2\/comments?post=942034"}],"version-history":[{"count":0,"href":"https:\/\/www.europesays.com\/de\/wp-json\/wp\/v2\/posts\/942034\/revisions"}],"wp:featuredmedia":[{"embeddable":true,"href":"https:\/\/www.europesays.com\/de\/wp-json\/wp\/v2\/media\/942035"}],"wp:attachment":[{"href":"https:\/\/www.europesays.com\/de\/wp-json\/wp\/v2\/media?parent=942034"}],"wp:term":[{"taxonomy":"category","embeddable":true,"href":"https:\/\/www.europesays.com\/de\/wp-json\/wp\/v2\/categories?post=942034"},{"taxonomy":"post_tag","embeddable":true,"href":"https:\/\/www.europesays.com\/de\/wp-json\/wp\/v2\/tags?post=942034"}],"curies":[{"name":"wp","href":"https:\/\/api.w.org\/{rel}","templated":true}]}}