{"id":942120,"date":"2026-04-13T07:51:18","date_gmt":"2026-04-13T07:51:18","guid":{"rendered":"https:\/\/www.europesays.com\/de\/942120\/"},"modified":"2026-04-13T07:51:18","modified_gmt":"2026-04-13T07:51:18","slug":"flughafen-duesseldorf-bundespolizei-stellt-fuenf-gesuchte","status":"publish","type":"post","link":"https:\/\/www.europesays.com\/de\/942120\/","title":{"rendered":"Flughafen D\u00fcsseldorf: Bundespolizei stellt f\u00fcnf Gesuchte"},"content":{"rendered":"<p>Fahndungserfolg am Flughafen D\u00fcsseldorf <\/p>\n<p>Bundespolizei stellt f\u00fcnf Gesuchte \u2013 einer in Haft<\/p>\n<p>13.04.2026 &#8211; 09:33 UhrLesedauer: 2 Min.<\/p>\n<p><a href=\"#focus-0\" class=\"transition-colors duration-200 block text-current relative\" data-sctrack=\"FocusGalleryImage.Reference\"><img fetchpriority=\"high\" data-testid=\"Opener.Image\" style=\"--lqipURL:url('https:\/\/images.t-online.de\/2026\/04\/OO4wpipnZMPE\/0x111:4000x2250\/fit-in\/150x0\/filters:blur(25)\/image.jpg')\"   loading=\"eager\" src=\"https:\/\/www.europesays.com\/de\/wp-content\/uploads\/2026\/04\/1776066678_769_image.jpg\" alt=\"imago images 100189311\" title=\"imago images 100189311\" width=\"4000\" height=\"2250\" class=\"bg-[url:var(--lqipURL)] bg-cover bg-center flex h-full w-full max-w-full\" decoding=\"async\"\/><img style=\"--width:32;--height:32\" loading=\"lazy\" src=\"https:\/\/duesseldorf.t-online.de\/s\/paper\/_next\/static\/media\/zoom-in.f7dae02f.svg\" alt=\"Vergr\u00f6\u00dfern des Bildes\" title=\"Vergr\u00f6\u00dfern des Bildes\" class=\"block h-[calc(var(--height)_\/_16_*_1rem)] w-[calc(var(--width)_\/_16_*_1rem)] max-w-none absolute bottom-8 right-8 rounded-4 bg-snow p-8\" decoding=\"async\"\/><\/a><\/p>\n<p>Ein Patrouillenfahrzeug der deutschen Bundespolizei auf dem Flughafen D\u00fcsseldorf (Symbolbild): Am Wochenende gab es hier mehrere Festnahmen. (Quelle: Andreas Haas via www.imago-images.de)<\/p>\n<p class=\"font-bold text-18 leading-17 user-text-lg:text-22 user-text-xl:text-24\">Bei Einreise- und Ausreisekontrollen trifft die Bundespolizei an einem Wochenende gleich f\u00fcnf per Haftbefehl gesuchte Personen an. Vier konnten sich durch Zahlung ihrer Geldstrafe freikaufen \u2013 f\u00fcr einen endete die Reise vor Gericht.<\/p>\n<p class=\"text-18 leading-17 user-text-lg:text-22 user-text-xl:text-24\">F\u00fcnf Personen, f\u00fcnf Haftbefehle, ein Wochenende: Die Bundespolizei hat vom 10. bis 12. April 2026 am <a class=\"transition-colors duration-200 cursor-pointer text-inherit no-underline text-salemsfur md:hover:text-magenta md:hover:border-magenta md:focus:text-magenta border-current border-b border-solid break-words\" data-tracking=\"{&quot;action&quot;:&quot;click&quot;,&quot;category&quot;:&quot;intextLink&quot;,&quot;label&quot;:&quot;https:\/\/www.t-online.de\/themen\/flughafen-duesseldorf\/&quot;}\" href=\"https:\/\/www.t-online.de\/themen\/flughafen-duesseldorf\/\" data-sctrack=\"BodyAnchor\" rel=\"nofollow noopener\" target=\"_blank\">Flughafen D\u00fcsseldorf<\/a> bei grenzpolizeilichen Kontrollen f\u00fcnf Gesuchte gestellt. Die Delikte reichten von Unfallflucht \u00fcber Fahren ohne Fahrerlaubnis bis zum Verdacht der r\u00e4uberischen Erpressung.<\/p>\n<p class=\"text-18 leading-17 user-text-lg:text-22 user-text-xl:text-24\">Den Auftakt machte ein 26-j\u00e4hriger Deutscher, der aus Beirut einreiste. Die Staatsanwaltschaft Hamburg hatte im M\u00e4rz 2026 einen Haftbefehl gegen ihn erlassen \u2013 wegen unerlaubten Entfernens vom Unfallort. Verurteilt worden war er bereits im M\u00e4rz 2024. Er zahlte 1.800 Euro vor Ort und vermied so 15 Tage Ersatzfreiheitsstrafe.<\/p>\n<p class=\"text-18 leading-17 user-text-lg:text-22 user-text-xl:text-24\">Kurz darauf kontrollierten die Beamten einen 60-j\u00e4hrigen Kosovaren, der nach Pristina fliegen wollte. Die Staatsanwaltschaft Kassel hatte im M\u00e4rz 2026 einen Haftbefehl wegen Fahrens ohne Fahrerlaubnis gegen ihn erwirkt; verurteilt worden war er im August 2025. Der im Landkreis Kassel lebende Mann zahlte 960 Euro und entging damit zw\u00f6lf Tagen Haft.<\/p>\n<p class=\"text-18 leading-17 user-text-lg:text-22 user-text-xl:text-24\">Ebenfalls am Freitag traf es eine 64-j\u00e4hrige Britin bei der Einreise aus Manchester. Gegen sie lag ein Haftbefehl der Staatsanwaltschaft M\u00fcnster vor, ausgestellt im Dezember 2025 wegen vors\u00e4tzlichen Fahrens ohne Fahrerlaubnis. Die im M\u00fcnsterland lebende Frau war im Juni 2024 verurteilt worden. Sie beglich 1.560 Euro und wandte 26 Tage Ersatzfreiheitsstrafe ab.<\/p>\n<p class=\"text-18 leading-17 user-text-lg:text-22 user-text-xl:text-24\">Am Samstag wollte ein 38-j\u00e4hriger Syrer von D\u00fcsseldorf nach Erbil ausreisen. Die Staatsanwaltschaft Traunstein hatte im September 2024 einen Haftbefehl wegen unerlaubter Einreise gegen ihn erlassen; verurteilt worden war er im Juli 2024. Der in \u00d6sterreich lebende Mann zahlte 580 Euro und reiste weiter.<\/p>\n<p class=\"text-18 leading-17 user-text-lg:text-22 user-text-xl:text-24\">Den schwersten Fall registrierte die Bundespolizei am Sonntagabend. Bei einer stichprobenartigen Einreisekontrolle eines Fluges aus Mailand fiel ein 24-j\u00e4hriger Italiener auf. Die Staatsanwaltschaft Hagen hatte im November 2024 einen Untersuchungshaftbefehl gegen ihn erlassen \u2013 wegen des Verdachts der r\u00e4uberischen Erpressung. Der in Italien lebende Mann wurde festgenommen und den Justizbeh\u00f6rden \u00fcberstellt.<\/p>\n","protected":false},"excerpt":{"rendered":"Fahndungserfolg am Flughafen D\u00fcsseldorf Bundespolizei stellt f\u00fcnf Gesuchte \u2013 einer in Haft 13.04.2026 &#8211; 09:33 UhrLesedauer: 2 Min.&hellip;\n","protected":false},"author":2,"featured_media":942121,"comment_status":"","ping_status":"","sticky":false,"template":"","format":"standard","meta":{"footnotes":"","_share_on_mastodon":"0"},"categories":[1831],"tags":[722,17161,48380,98391,25346,421,3364,29,3405,37556,14121,73398,30,503,692,6220,3467,1209,176,205323,1997],"class_list":["post-942120","post","type-post","status-publish","format-standard","has-post-thumbnail","category-duesseldorf","tag-722","tag-17161","tag-48380","tag-ausreisekontrolle","tag-beirut","tag-bundespolizei","tag-de","tag-deutschland","tag-duesseldorf","tag-fahndungserfolg","tag-flughafen-duesseldorf-international","tag-fokusthema","tag-germany","tag-haftbefehl","tag-hamburg","tag-kassel","tag-landeshauptstadt","tag-nordrhein-westfalen","tag-nrw","tag-patrouillenfahrzeug","tag-staatsanwaltschaft"],"share_on_mastodon":{"url":"https:\/\/pubeurope.com\/@de\/116396313095445357","error":""},"_links":{"self":[{"href":"https:\/\/www.europesays.com\/de\/wp-json\/wp\/v2\/posts\/942120","targetHints":{"allow":["GET"]}}],"collection":[{"href":"https:\/\/www.europesays.com\/de\/wp-json\/wp\/v2\/posts"}],"about":[{"href":"https:\/\/www.europesays.com\/de\/wp-json\/wp\/v2\/types\/post"}],"author":[{"embeddable":true,"href":"https:\/\/www.europesays.com\/de\/wp-json\/wp\/v2\/users\/2"}],"replies":[{"embeddable":true,"href":"https:\/\/www.europesays.com\/de\/wp-json\/wp\/v2\/comments?post=942120"}],"version-history":[{"count":0,"href":"https:\/\/www.europesays.com\/de\/wp-json\/wp\/v2\/posts\/942120\/revisions"}],"wp:featuredmedia":[{"embeddable":true,"href":"https:\/\/www.europesays.com\/de\/wp-json\/wp\/v2\/media\/942121"}],"wp:attachment":[{"href":"https:\/\/www.europesays.com\/de\/wp-json\/wp\/v2\/media?parent=942120"}],"wp:term":[{"taxonomy":"category","embeddable":true,"href":"https:\/\/www.europesays.com\/de\/wp-json\/wp\/v2\/categories?post=942120"},{"taxonomy":"post_tag","embeddable":true,"href":"https:\/\/www.europesays.com\/de\/wp-json\/wp\/v2\/tags?post=942120"}],"curies":[{"name":"wp","href":"https:\/\/api.w.org\/{rel}","templated":true}]}}