{"id":942569,"date":"2026-04-13T12:03:13","date_gmt":"2026-04-13T12:03:13","guid":{"rendered":"https:\/\/www.europesays.com\/de\/942569\/"},"modified":"2026-04-13T12:03:13","modified_gmt":"2026-04-13T12:03:13","slug":"muenchen-mann-tritt-gegen-s-bahn-und-stuerzt-news","status":"publish","type":"post","link":"https:\/\/www.europesays.com\/de\/942569\/","title":{"rendered":"M\u00fcnchen: Mann tritt gegen S-Bahn und st\u00fcrzt | News"},"content":{"rendered":"<p class=\"red-breaking-news__text\">+++Berufungsprozess nach Attacke auf j\u00fcdischen Studenten: T\u00e4ter zu zweieinhalb Jahren Haft verurteilt<\/p>\n<p class=\"red-breaking-news__text\" aria-hidden=\"true\">+++Berufungsprozess nach Attacke auf j\u00fcdischen Studenten: T\u00e4ter zu zweieinhalb Jahren Haft verurteilt<\/p>\n<p class=\"red-breaking-news__text\" aria-hidden=\"true\">+++Berufungsprozess nach Attacke auf j\u00fcdischen Studenten: T\u00e4ter zu zweieinhalb Jahren Haft verurteilt<\/p>\n<p class=\"red-breaking-news__text\" aria-hidden=\"true\">+++Berufungsprozess nach Attacke auf j\u00fcdischen Studenten: T\u00e4ter zu zweieinhalb Jahren Haft verurteilt<\/p>\n<p class=\"red-breaking-news__text\" aria-hidden=\"true\">+++Berufungsprozess nach Attacke auf j\u00fcdischen Studenten: T\u00e4ter zu zweieinhalb Jahren Haft verurteilt<\/p>\n<p class=\"red-breaking-news__text\" aria-hidden=\"true\">+++Berufungsprozess nach Attacke auf j\u00fcdischen Studenten: T\u00e4ter zu zweieinhalb Jahren Haft verurteilt<\/p>\n<p class=\"red-breaking-news__text\" aria-hidden=\"true\">+++Berufungsprozess nach Attacke auf j\u00fcdischen Studenten: T\u00e4ter zu zweieinhalb Jahren Haft verurteilt<\/p>\n<p class=\"red-breaking-news__text\" aria-hidden=\"true\">+++Berufungsprozess nach Attacke auf j\u00fcdischen Studenten: T\u00e4ter zu zweieinhalb Jahren Haft verurteilt<\/p>\n<p class=\"red-breaking-news__text\" aria-hidden=\"true\">+++Berufungsprozess nach Attacke auf j\u00fcdischen Studenten: T\u00e4ter zu zweieinhalb Jahren Haft verurteilt<\/p>\n<p class=\"red-breaking-news__text\" aria-hidden=\"true\">+++Berufungsprozess nach Attacke auf j\u00fcdischen Studenten: T\u00e4ter zu zweieinhalb Jahren Haft verurteilt<\/p>\n","protected":false},"excerpt":{"rendered":"+++Berufungsprozess nach Attacke auf j\u00fcdischen Studenten: T\u00e4ter zu zweieinhalb Jahren Haft verurteilt +++Berufungsprozess nach Attacke auf j\u00fcdischen Studenten:&hellip;\n","protected":false},"author":2,"featured_media":942570,"comment_status":"","ping_status":"","sticky":false,"template":"","format":"standard","meta":{"footnotes":"","_share_on_mastodon":"0"},"categories":[1827],"tags":[772,421,111944,1738,29,30,15024,1268,1949,138370,45,15984],"class_list":["post-942569","post","type-post","status-publish","format-standard","has-post-thumbnail","category-muenchen","tag-bayern","tag-bundespolizei","tag-content-pipeline","tag-desk-delta","tag-deutschland","tag-germany","tag-lokfuehrer","tag-muenchen","tag-s-bahn","tag-team-first","tag-texttospeech","tag-zugunglueck"],"share_on_mastodon":{"url":"https:\/\/pubeurope.com\/@de\/116397303915629814","error":""},"_links":{"self":[{"href":"https:\/\/www.europesays.com\/de\/wp-json\/wp\/v2\/posts\/942569","targetHints":{"allow":["GET"]}}],"collection":[{"href":"https:\/\/www.europesays.com\/de\/wp-json\/wp\/v2\/posts"}],"about":[{"href":"https:\/\/www.europesays.com\/de\/wp-json\/wp\/v2\/types\/post"}],"author":[{"embeddable":true,"href":"https:\/\/www.europesays.com\/de\/wp-json\/wp\/v2\/users\/2"}],"replies":[{"embeddable":true,"href":"https:\/\/www.europesays.com\/de\/wp-json\/wp\/v2\/comments?post=942569"}],"version-history":[{"count":0,"href":"https:\/\/www.europesays.com\/de\/wp-json\/wp\/v2\/posts\/942569\/revisions"}],"wp:featuredmedia":[{"embeddable":true,"href":"https:\/\/www.europesays.com\/de\/wp-json\/wp\/v2\/media\/942570"}],"wp:attachment":[{"href":"https:\/\/www.europesays.com\/de\/wp-json\/wp\/v2\/media?parent=942569"}],"wp:term":[{"taxonomy":"category","embeddable":true,"href":"https:\/\/www.europesays.com\/de\/wp-json\/wp\/v2\/categories?post=942569"},{"taxonomy":"post_tag","embeddable":true,"href":"https:\/\/www.europesays.com\/de\/wp-json\/wp\/v2\/tags?post=942569"}],"curies":[{"name":"wp","href":"https:\/\/api.w.org\/{rel}","templated":true}]}}