{"id":942783,"date":"2026-04-13T14:04:27","date_gmt":"2026-04-13T14:04:27","guid":{"rendered":"https:\/\/www.europesays.com\/de\/942783\/"},"modified":"2026-04-13T14:04:27","modified_gmt":"2026-04-13T14:04:27","slug":"castrop-rauxel-streit-um-geld-unter-bruedern-33-und-39-endet-toedlich-regional","status":"publish","type":"post","link":"https:\/\/www.europesays.com\/de\/942783\/","title":{"rendered":"Castrop-Rauxel: Streit um Geld unter Br\u00fcdern (33 und 39) endet t\u00f6dlich | Regional"},"content":{"rendered":"<p><a class=\"skip-content skip-content--link\" href=\"#in-content-skip-link-target-v-0-0\">TTS-Player \u00fcberspringen\u21b5<\/a><a id=\"in-content-skip-link-target-v-0-0\" class=\"skip-content--target-link-hidden skip-content skip-content--target-link\" href=\"#in-content-skip-link-target-v-0-0\">Artikel weiterlesen<\/a><\/p>\n<p>Castrop-Rauxel (NRW) \u2013 <b>Dieser Streit zwischen zwei Br\u00fcdern endete t\u00f6dlich. Am sp\u00e4ten Sonntagabend stritten die M\u00e4nner laut Polizei in der Wohnung eines Mehrfamilienhauses in Castrop-Rauxel zun\u00e4chst verbal. Es soll um Geld gegangen sein. Die Auseinandersetzung eskalierte, die M\u00e4nner stachen aufeinander ein. Der J\u00fcngere (33) der beiden verletzte den \u00e4lteren Bruder dabei nach ersten Erkenntnissen t\u00f6dlich mit einem Messer. <\/b><\/p>\n<p>Gegen 22.15 Uhr rasten Polizeiwagen und Rettungskr\u00e4fte in das Wohngebiet in der Liebigstra\u00dfe im Stadtteil Rauxel (<a href=\"https:\/\/www.bild.de\/regional\/nordrhein-westfalen\/home-npIP0qL0giWP1ZFIOHn2\" class=\"text-link\" rel=\"nofollow noopener\" target=\"_blank\">Nordrhein-Westfalen<\/a>). Nachbarn hatten den Notruf gew\u00e4hlt. Als die Beamten eintrafen, waren beide M\u00e4nner schwer verletzt. \u201eDer 39-J\u00e4hrige verstarb trotz sofort eingeleiteter Reanimationsma\u00dfnahmen noch vor Ort\u201c, hei\u00dft es in einer gemeinsamen Mitteilung von <a href=\"https:\/\/www.bild.de\/themen\/organisationen\/staatsanwaltschaft-alle-infos-und-news-KDJzQvfvRkaBLQ0vXYpd\" class=\"text-link\" rel=\"nofollow noopener\" target=\"_blank\">Staatsanwaltschaft<\/a> und Polizei. Staatsanwalt Henner Kruse hatte BILD zuvor bereits best\u00e4tigt, dass wegen des Verdachts eines <a href=\"https:\/\/www.bild.de\/themen\/ereignisse\/mord\/nachrichten-news-fotos-videos-21394242.bild.html\" class=\"text-link\" rel=\"nofollow noopener\" target=\"_blank\">T\u00f6tungsdelikts<\/a> ermittelt werde.<\/p>\n<p><img decoding=\"async\" width=\"992\" height=\"558\" alt=\"Polizisten sicherten Spuren am Tatort\" src=\"https:\/\/www.europesays.com\/de\/wp-content\/uploads\/2026\/04\/34bb8e3059599312a1b8dbb60dc9faf9,2e359452.jpeg\"   class=\"landscape\" loading=\"lazy\"\/><\/p>\n<p class=\"fig__caption__text\">Polizisten sicherten Spuren am Tatort im Wohngebiet<\/p>\n<p>Foto: 7aktuell.de\/Marc Gruber<\/p>\n<p>J\u00fcngerer Bruder vorl\u00e4ufig festgenommen<\/p>\n<p>Der tatverd\u00e4chtige Bruder wurde in seiner Wohnung in der Liebigstra\u00dfe, in der es laut <a href=\"https:\/\/www.bild.de\/regional\/aktuelles\/polizei\/polizeieinsatz-alle-infos-76681760.bild.html\" class=\"text-link\" rel=\"nofollow noopener\" target=\"_blank\">Polizei<\/a> zu dem <a href=\"https:\/\/www.bild.de\/themen\/specials\/nahkampfwaffen\/news-fotos-videos-17014754.bild.html\" class=\"text-link\" rel=\"nofollow noopener\" target=\"_blank\">Messerangriff<\/a> kam, vorl\u00e4ufig festgenommen. Er wurde wegen einer tiefen Stichverletzung in ein Krankenhaus gebracht. Nach ersten Informationen der Ermittler gab er an, sich \u201egegen Angriffe seines Bruders verteidigt\u201c zu haben. Demnach habe sein Bruder Geld von ihm verlangt. Als er das verweigerte, soll der 39-J\u00e4hrige auf ihn losgegangen sein. Laut Staatsanwalt schleppte der J\u00fcngere seinen sterbenden Bruder noch in den Hausflur des Mehrfamilienhauses. Darauf aufmerksam geworden, verst\u00e4ndigten Nachbarn die Polizei.<\/p>\n<p><img decoding=\"async\" width=\"992\" height=\"1178\" alt=\"In diesem Haus in Castrop-Rauxel stritten die Br\u00fcder (33 und 39). Die Auseinandersetzung endete f\u00fcr den \u00c4lteren t\u00f6dlich\" src=\"https:\/\/www.europesays.com\/de\/wp-content\/uploads\/2026\/04\/ae3b6c69275cf740bc9aa46bfb2db6e5,2a40ff9d.jpeg\"   class=\"portrait\" loading=\"lazy\"\/><\/p>\n<p class=\"fig__caption__text\">In diesem Haus in Castrop-Rauxel stritten die deutschen Br\u00fcder (33 und 39). Die Auseinandersetzung endete f\u00fcr den \u00c4lteren t\u00f6dlich<\/p>\n<p>Foto: 7aktuell.de\/Marc Gruber<\/p>\n<p>Der Einsatz der Polizei dauerte bis in die Nacht hinein. Ermittler sperrten den Bereich um das Mehrfamilienhaus ab, errichteten einen Sichtschutz und sicherten Spuren. Beamte trugen m\u00f6gliche Beweismittel zum Dienstfahrzeug. Die genaueren Hintergr\u00fcnde der Tat innerhalb der <a href=\"https:\/\/www.bild.de\/themen\/specials\/familie\/news-fotos-videos-17007900.bild.html\" class=\"text-link\" rel=\"nofollow noopener\" target=\"_blank\">Familie<\/a> sind noch unklar. Die Ermittlungen der Mordkommission dauern an. Die Leiche des Opfers soll noch am Montag obduziert werden.<\/p>\n","protected":false},"excerpt":{"rendered":"TTS-Player \u00fcberspringen\u21b5Artikel weiterlesen Castrop-Rauxel (NRW) \u2013 Dieser Streit zwischen zwei Br\u00fcdern endete t\u00f6dlich. Am sp\u00e4ten Sonntagabend stritten die&hellip;\n","protected":false},"author":2,"featured_media":942784,"comment_status":"","ping_status":"","sticky":false,"template":"","format":"standard","meta":{"footnotes":"","_share_on_mastodon":"0"},"categories":[1839],"tags":[7507,76645,3364,29,30,37747,1981,2183,1209,121,3856,12185,138370,45,2627],"class_list":["post-942783","post","type-post","status-publish","format-standard","has-post-thumbnail","category-bochum","tag-bochum","tag-castrop-rauxel","tag-de","tag-deutschland","tag-germany","tag-geschwister","tag-messer","tag-mord","tag-nordrhein-westfalen","tag-polizei","tag-ruhrgebiet","tag-staatsanwalt","tag-team-first","tag-texttospeech","tag-verletzungen"],"share_on_mastodon":{"url":"https:\/\/pubeurope.com\/@de\/116397779836153517","error":""},"_links":{"self":[{"href":"https:\/\/www.europesays.com\/de\/wp-json\/wp\/v2\/posts\/942783","targetHints":{"allow":["GET"]}}],"collection":[{"href":"https:\/\/www.europesays.com\/de\/wp-json\/wp\/v2\/posts"}],"about":[{"href":"https:\/\/www.europesays.com\/de\/wp-json\/wp\/v2\/types\/post"}],"author":[{"embeddable":true,"href":"https:\/\/www.europesays.com\/de\/wp-json\/wp\/v2\/users\/2"}],"replies":[{"embeddable":true,"href":"https:\/\/www.europesays.com\/de\/wp-json\/wp\/v2\/comments?post=942783"}],"version-history":[{"count":0,"href":"https:\/\/www.europesays.com\/de\/wp-json\/wp\/v2\/posts\/942783\/revisions"}],"wp:featuredmedia":[{"embeddable":true,"href":"https:\/\/www.europesays.com\/de\/wp-json\/wp\/v2\/media\/942784"}],"wp:attachment":[{"href":"https:\/\/www.europesays.com\/de\/wp-json\/wp\/v2\/media?parent=942783"}],"wp:term":[{"taxonomy":"category","embeddable":true,"href":"https:\/\/www.europesays.com\/de\/wp-json\/wp\/v2\/categories?post=942783"},{"taxonomy":"post_tag","embeddable":true,"href":"https:\/\/www.europesays.com\/de\/wp-json\/wp\/v2\/tags?post=942783"}],"curies":[{"name":"wp","href":"https:\/\/api.w.org\/{rel}","templated":true}]}}