{"id":943163,"date":"2026-04-13T17:48:18","date_gmt":"2026-04-13T17:48:18","guid":{"rendered":"https:\/\/www.europesays.com\/de\/943163\/"},"modified":"2026-04-13T17:48:18","modified_gmt":"2026-04-13T17:48:18","slug":"formel-e-berlin-max-giesinger-und-zah1de-live-motorsport","status":"publish","type":"post","link":"https:\/\/www.europesays.com\/de\/943163\/","title":{"rendered":"Formel E Berlin: Max Giesinger und Zah1de live | Motorsport"},"content":{"rendered":"<p><a class=\"skip-content skip-content--link\" href=\"#in-content-skip-link-target-v-0-0\">TTS-Player \u00fcberspringen\u21b5<\/a><a id=\"in-content-skip-link-target-v-0-0\" class=\"skip-content--target-link-hidden skip-content skip-content--target-link\" href=\"#in-content-skip-link-target-v-0-0\">Artikel weiterlesen<\/a><\/p>\n<p><b>Starauflauf beim Formel-E-Rennen! Beim <\/b><a href=\"https:\/\/sportbild.bild.de\/motorsport\/formel-e-xZ6paNRo1mqkb8aUrUpK\" class=\"text-link\" rel=\"nofollow noopener\" target=\"_blank\"><b>E-Prix<\/b><\/a><b> in Berlin (2.\/3. Mai \u2013 live bei SPORT BILD) wird musikalisch gro\u00df aufgefahren. S\u00e4nger und Songwriter Max Giesinger wird am Samstag im Fan-Village auf dem Tempelhofer Feld auf der B\u00fchne stehen.<\/b><\/p>\n<p>Seine musikalische Reise begann jedoch erst richtig, als er 2011 an der ersten Staffel der Castingshow \u201eThe Voice of Germany\u201c teilnahm. Seine gef\u00fchlvolle Stimme und sein au\u00dfergew\u00f6hnliches Talent beeindruckten die Jury und das Publikum gleicherma\u00dfen. Max schaffte es bis ins Halbfinale, belegte den 4. Platz und erhielt viel Aufmerksamkeit f\u00fcr seine musikalische Leistung in der Show.<\/p>\n<p>Mit seinem Hit \u201e80 Millionen\u201c gelang ihm w\u00e4hrend der Fu\u00dfball-Weltmeisterschaft der Durchbruch. Zu seinen bekanntesten Songs z\u00e4hlen au\u00dferdem \u201eWenn sie tanzt\u201c und \u201eWimpernschlag\u201c.<\/p>\n<p>Max Giesinger bei der Formel E: \u201eFreu mich total drauf\u201c<\/p>\n<p>Max Giesinger sagt vor seinem Auftritt: \u201eIch war noch nie bei der Formel E, aber genau das macht\u2019s f\u00fcr mich spannend! Mal die Zukunft des Motorsports live erleben \u2013 und Berlin liefert daf\u00fcr auf jeden Fall die passende Kulisse. Freu mich total drauf!\u201c<\/p>\n<p>Kurz vor dem Rennstart wird Giesinger laut Formel E im Fan-Village eine rund 40-min\u00fctige Live-Show pr\u00e4sentieren. Und am Sonntag folgt gleich das zweite Highlight: Zah1de tritt beim zweiten Rennen des Double-Headers auf. Sie ist die j\u00fcngste Bambi-Preistr\u00e4gerin aller Zeiten.<\/p>\n<p><img decoding=\"async\" width=\"992\" height=\"558\" alt=\"Zah1de (15) wird am Sonntag die Fans begeistern\" src=\"https:\/\/www.europesays.com\/de\/wp-content\/uploads\/2026\/04\/02d0d3106618eb71ea57e33fd2db9259,ff44d4fb.jpeg\"   class=\"landscape\" loading=\"lazy\"\/><\/p>\n<p class=\"fig__caption__text\">Zah1de (15) wird am Sonntag die Fans begeistern <\/p>\n<p>Foto: Georg Wendt\/dpa<\/p>\n<p>Berlin hat sich inzwischen als Kult-Gastgeber der Formel E etabliert. Als einziger Austragungs-Ort ist die deutsche Hauptstadt schon seit Saison 1 dabei. Und das soll sich auch die kommenden Jahre nicht \u00e4ndern. Immer wieder gab es Spekulationen, dass der Norisring in N\u00fcrnberg ab 2027 Berlin abl\u00f6sen k\u00f6nnte. Formel-E-Mitgr\u00fcnder Alberto Longo dementierte bei e-formel.de den Wechsel, die Elektroserie bleibe l\u00e4ngerfristig in der Hauptstadt. <\/p>\n<p>Start in Rennserie: Das sagt der Opel-Boss zum Motorsport-Einstieg<a class=\"anchor video-teaser__anchor\" href=\"https:\/\/sportbild.bild.de\/motorsport\/opel-boss-huettl-spricht-ueber-einstieg-in-formel-e-69bd75c3cb1f9a070e404052\" rel=\"nofollow noopener\" target=\"_blank\"><img decoding=\"async\" width=\"992\" height=\"558\" alt=\"Opel-Boss: Huettl spricht \u00fcber Einstieg in Formel E\" src=\"https:\/\/www.europesays.com\/de\/wp-content\/uploads\/2026\/04\/6736f10d78ccf87b3d6dca74ab6bac2c,afdc9981.jpeg\"   class=\"landscape teaser__image\" loading=\"lazy\"\/><\/a><\/p>\n<p>Quelle: Formel E20.03.2026<\/p>\n<p>Im vergangenen Jahr wurde in Berlin sogar der Weltmeister gekr\u00f6nt! Oliver Rowland war so dominant, dass schon beim vorletzten Formel-E-Stopp feststand: Ihm kann die Krone keiner mehr nehmen. Der deutsche Weltmeister von 2024, Pascal Wehrlein, hat in dieser Saison sein Ziel klar vor Augen. Er will auf den Thron zur\u00fcck. <\/p>\n","protected":false},"excerpt":{"rendered":"TTS-Player \u00fcberspringen\u21b5Artikel weiterlesen Starauflauf beim Formel-E-Rennen! Beim E-Prix in Berlin (2.\/3. Mai \u2013 live bei SPORT BILD) wird&hellip;\n","protected":false},"author":2,"featured_media":943164,"comment_status":"","ping_status":"","sticky":false,"template":"","format":"standard","meta":{"footnotes":"","_share_on_mastodon":"0"},"categories":[1825],"tags":[296,29,39113,30,1575,14056,79176],"class_list":["post-943163","post","type-post","status-publish","format-standard","has-post-thumbnail","category-berlin","tag-berlin","tag-deutschland","tag-formel-e","tag-germany","tag-motorsport","tag-porsche","tag-wehrlein-pascal"],"share_on_mastodon":{"url":"https:\/\/pubeurope.com\/@de\/116398660539972246","error":""},"_links":{"self":[{"href":"https:\/\/www.europesays.com\/de\/wp-json\/wp\/v2\/posts\/943163","targetHints":{"allow":["GET"]}}],"collection":[{"href":"https:\/\/www.europesays.com\/de\/wp-json\/wp\/v2\/posts"}],"about":[{"href":"https:\/\/www.europesays.com\/de\/wp-json\/wp\/v2\/types\/post"}],"author":[{"embeddable":true,"href":"https:\/\/www.europesays.com\/de\/wp-json\/wp\/v2\/users\/2"}],"replies":[{"embeddable":true,"href":"https:\/\/www.europesays.com\/de\/wp-json\/wp\/v2\/comments?post=943163"}],"version-history":[{"count":0,"href":"https:\/\/www.europesays.com\/de\/wp-json\/wp\/v2\/posts\/943163\/revisions"}],"wp:featuredmedia":[{"embeddable":true,"href":"https:\/\/www.europesays.com\/de\/wp-json\/wp\/v2\/media\/943164"}],"wp:attachment":[{"href":"https:\/\/www.europesays.com\/de\/wp-json\/wp\/v2\/media?parent=943163"}],"wp:term":[{"taxonomy":"category","embeddable":true,"href":"https:\/\/www.europesays.com\/de\/wp-json\/wp\/v2\/categories?post=943163"},{"taxonomy":"post_tag","embeddable":true,"href":"https:\/\/www.europesays.com\/de\/wp-json\/wp\/v2\/tags?post=943163"}],"curies":[{"name":"wp","href":"https:\/\/api.w.org\/{rel}","templated":true}]}}