{"id":943219,"date":"2026-04-13T18:21:25","date_gmt":"2026-04-13T18:21:25","guid":{"rendered":"https:\/\/www.europesays.com\/de\/943219\/"},"modified":"2026-04-13T18:21:25","modified_gmt":"2026-04-13T18:21:25","slug":"der-schiedsrichterstreik-und-die-hoffnung-des-wsv-auf-fortunas-ende","status":"publish","type":"post","link":"https:\/\/www.europesays.com\/de\/943219\/","title":{"rendered":"Der Schiedsrichterstreik und die Hoffnung des WSV auf Fortunas Ende"},"content":{"rendered":"<p class=\"text_ohne_einzug richtext text-em-55 !leading-serif mx-6 desktop:mx-0\">Mit Stefan Langerfeld spricht das Podcast-Team \u00fcber die Reaktion auf t\u00e4tliche Angriffe auf einen Unparteiischen bei einem Spiel in Velbert. Stefan Langerfeld erlebte die 1:4- Niederlage des WSV im Bochumer Ruhstadion auf der Trib\u00fcne mit. Im Abstiegskampf sieht es d\u00fcster aus f\u00fcr den WSV, f\u00fcr den ausgerechnet der alte Rivale Fortuna D\u00fcsseldorf, nach dem Trainerwechsel von Anfang zu Ende, ein Hintert\u00fcrchen \u00f6ffnen k\u00f6nnte.<\/p>\n","protected":false},"excerpt":{"rendered":"Mit Stefan Langerfeld spricht das Podcast-Team \u00fcber die Reaktion auf t\u00e4tliche Angriffe auf einen Unparteiischen bei einem Spiel&hellip;\n","protected":false},"author":2,"featured_media":943220,"comment_status":"","ping_status":"","sticky":false,"template":"","format":"standard","meta":{"footnotes":"","_share_on_mastodon":"0"},"categories":[1840],"tags":[3364,29,46534,6223,205540,30,59158,1209,2043,42087,6227,4418],"class_list":["post-943219","post","type-post","status-publish","format-standard","has-post-thumbnail","category-wuppertal","tag-de","tag-deutschland","tag-erfunden","tag-fortuna","tag-fupodcast","tag-germany","tag-langerfeld","tag-nordrhein-westfalen","tag-podcast","tag-stefan","tag-wsv","tag-wuppertal"],"share_on_mastodon":{"url":"https:\/\/pubeurope.com\/@de\/116398789983492049","error":""},"_links":{"self":[{"href":"https:\/\/www.europesays.com\/de\/wp-json\/wp\/v2\/posts\/943219","targetHints":{"allow":["GET"]}}],"collection":[{"href":"https:\/\/www.europesays.com\/de\/wp-json\/wp\/v2\/posts"}],"about":[{"href":"https:\/\/www.europesays.com\/de\/wp-json\/wp\/v2\/types\/post"}],"author":[{"embeddable":true,"href":"https:\/\/www.europesays.com\/de\/wp-json\/wp\/v2\/users\/2"}],"replies":[{"embeddable":true,"href":"https:\/\/www.europesays.com\/de\/wp-json\/wp\/v2\/comments?post=943219"}],"version-history":[{"count":0,"href":"https:\/\/www.europesays.com\/de\/wp-json\/wp\/v2\/posts\/943219\/revisions"}],"wp:featuredmedia":[{"embeddable":true,"href":"https:\/\/www.europesays.com\/de\/wp-json\/wp\/v2\/media\/943220"}],"wp:attachment":[{"href":"https:\/\/www.europesays.com\/de\/wp-json\/wp\/v2\/media?parent=943219"}],"wp:term":[{"taxonomy":"category","embeddable":true,"href":"https:\/\/www.europesays.com\/de\/wp-json\/wp\/v2\/categories?post=943219"},{"taxonomy":"post_tag","embeddable":true,"href":"https:\/\/www.europesays.com\/de\/wp-json\/wp\/v2\/tags?post=943219"}],"curies":[{"name":"wp","href":"https:\/\/api.w.org\/{rel}","templated":true}]}}