{"id":943597,"date":"2026-04-13T22:00:18","date_gmt":"2026-04-13T22:00:18","guid":{"rendered":"https:\/\/www.europesays.com\/de\/943597\/"},"modified":"2026-04-13T22:00:18","modified_gmt":"2026-04-13T22:00:18","slug":"hoehle-der-loewen-kein-deal-aber-die-investoren-zahlen-trotzdem-unterhaltung","status":"publish","type":"post","link":"https:\/\/www.europesays.com\/de\/943597\/","title":{"rendered":"\u201eH\u00f6hle der L\u00f6wen\u201c: Kein Deal, aber die Investoren zahlen trotzdem | Unterhaltung"},"content":{"rendered":"<p><a class=\"skip-content skip-content--link\" href=\"#in-content-skip-link-target-v-0-0\">TTS-Player \u00fcberspringen\u21b5<\/a><a id=\"in-content-skip-link-target-v-0-0\" class=\"skip-content--target-link-hidden skip-content skip-content--target-link\" href=\"#in-content-skip-link-target-v-0-0\">Artikel weiterlesen<\/a><\/p>\n<p>K\u00f6ln (Nordrhein-Westfalen) \u2013 <b>Emotionales<\/b> <b>Staffel-Finale in der \u201eH\u00f6hle der L\u00f6wen\u201c! Beim letzten Pitch sa\u00dfen die L\u00f6wen nicht nur beim Grillen zusammen, sondern waren auch ger\u00fchrt vom Schicksal eines Gr\u00fcnders. Der hoffte auf einen Deal, hatte am Ende jedoch keine Investoren gewonnen, sondern neue Kunden. <\/b><\/p>\n<p>Nils Dethloff (45) von Fest\u00e1volo zeigt seinen selbst entwickelten Luxus-Grilltisch, an dem die L\u00f6wen brutzeln k\u00f6nnen. Dethloff erkl\u00e4rt, das st\u00e4ndige einsame Grillen w\u00e4hrend sich die G\u00e4ste am\u00fcsieren, habe ihn genervt: \u201eIrgendwann wollte ich nicht mehr f\u00fcr andere grillen und einsam mein Bier trinken.\u201c Ralf D\u00fcmmel (59): \u201eIch finde das nicht gut, nicht sehr gut, ich finde das sensationell!\u201c <\/p>\n<p><img decoding=\"async\" width=\"992\" height=\"558\" alt=\"Hinter Fest\u00e1volo steckt Gr\u00fcnder Nils Dethloff (45) aus Heide in Holstein\" src=\"https:\/\/www.europesays.com\/de\/wp-content\/uploads\/2026\/04\/73198eef649c04f0d7c9034645c37de1,fd8b22cf.jpeg\"   class=\"landscape\" loading=\"lazy\"\/><\/p>\n<p class=\"fig__caption__text\">Hinter Fest\u00e1volo steckt Gr\u00fcnder Nils Dethloff (45) aus Heide in Holstein<\/p>\n<p>Foto: RTL\/Bernd-Michael Maurer<\/p>\n<p>Die Geschichte des Gr\u00fcnders beim gemeinsamen Grillen ber\u00fchrt alle. Er erkl\u00e4rt unter Tr\u00e4nen, dass er \u00fcber 20 Jahre einen Betrieb f\u00fcr Holzverarbeitung in Russland hatte, den er wegen der Sanktionen aufgeben musste: \u201eIch habe den Betrieb am Ende mit 80 Mitarbeitern mit einem Umsatz von 8 Millionen Euro komplett von heute auf morgen abgeben m\u00fcssen.\u201c Ein Schicksalsschlag f\u00fcr den Unternehmer: \u201eDamit war mein Lebenswerk zerst\u00f6rt.\u201c <\/p>\n<p>Unternehmer investierte bereits eine Million Euro<\/p>\n<p>Inzwischen produziert Dethloff in Ungarn und hat bereits eine Million Euro in die Entwicklung seiner High-End-Grilltische investiert, die nat\u00fcrlich nicht gerade billig sind: Bei 7990 Euro geht es los, f\u00fcr ein ganzes Set f\u00fcr mehrere Personen k\u00f6nnen schon mal um die 18.000 Euro f\u00e4llig werden. Kein Hindernis f\u00fcr <a href=\"https:\/\/www.bild.de\/unterhaltung\/stars-und-leute\/eklat-bei-die-hoehle-der-loewen-carsten-maschmeyer-stinksauer-69da1418d37b53a6197c72d3\" class=\"text-link\" rel=\"nofollow noopener\" target=\"_blank\">Carsten Maschmeye<\/a>r (66): Er verk\u00fcndet, dass er einen Tisch f\u00fcr sechs Personen kaufen m\u00f6chte: \u201eDas komplette Set.\u201c Investieren kommt f\u00fcr ihn jedoch nicht in Frage: \u201eEs ist nicht mein Ding. Aus den Gr\u00fcnden bin ich raus.\u201c <\/p>\n<p><img decoding=\"async\" width=\"992\" height=\"558\" alt=\"Die L\u00f6wen sind begeistert vom luxuri\u00f6sen Grilltisch\" src=\"https:\/\/www.europesays.com\/de\/wp-content\/uploads\/2026\/04\/622dfcc16724c8fe8689aa0f04870378,9976657a.jpeg\"   class=\"landscape\" loading=\"lazy\"\/><\/p>\n<p class=\"fig__caption__text\">Die L\u00f6wen sind begeistert vom luxuri\u00f6sen Grilltisch<\/p>\n<p>Foto: RTL\/Bernd-Michael Maurer<\/p>\n<p>Mehr zum Thema\u201eDu hast mich in deinen Bann gezogen!\u201c<\/p>\n<p><a href=\"https:\/\/www.bild.de\/unterhaltung\/tv\/die-hoehle-der-loewen\/die-hoehle-der-loewen-alle-infos-7OjMufhAvRZdTTa5Zckc\" class=\"text-link\" rel=\"nofollow noopener\" target=\"_blank\">Janna Ensthaler<\/a> (42) sagt: \u201eIch verspreche dir, dass ich auch so einen Tisch kaufen werde.\u201c D\u00fcmmel schw\u00e4rmt immer noch von der Tatkraft des Gr\u00fcnders: \u201eDu hast mich so unglaublich beeindruckt. Du hast mich so in deinen Bann gezogen!\u201c In die Firma investieren m\u00f6chte keiner der L\u00f6wen. Thelen lobt zwar, die Tische seien hochwertig und luxuri\u00f6s, er sieht das Produkt sogar \u201ein Villen an der C\u00f4te d\u2019Azur\u201c, trotzdem ist er raus, ebenso wie die Neu-Kunden Maschmeyer und Ensthaler. Auch Judith Williams (54) muss passen. Ein Schlag f\u00fcr den Gr\u00fcnder, der jetzt aber immerhin Ensthaler und Maschmeyer zu seinen Kunden z\u00e4hlen kann.<\/p>\n","protected":false},"excerpt":{"rendered":"TTS-Player \u00fcberspringen\u21b5Artikel weiterlesen K\u00f6ln (Nordrhein-Westfalen) \u2013 Emotionales Staffel-Finale in der \u201eH\u00f6hle der L\u00f6wen\u201c! Beim letzten Pitch sa\u00dfen die&hellip;\n","protected":false},"author":2,"featured_media":943598,"comment_status":"","ping_status":"","sticky":false,"template":"","format":"standard","meta":{"footnotes":"","_share_on_mastodon":"0"},"categories":[1773],"tags":[29,23366,214,30,30772,471,1780,138370,45,215,230,30774,30773],"class_list":["post-943597","post","type-post","status-publish","format-standard","has-post-thumbnail","category-serien","tag-deutschland","tag-die-hoehle-der-loewen","tag-entertainment","tag-germany","tag-maschmeyer-carsten","tag-serien","tag-series","tag-team-first","tag-texttospeech","tag-unterhaltung","tag-vox","tag-williams-judith","tag-woehrl-dagmar"],"share_on_mastodon":{"url":"https:\/\/pubeurope.com\/@de\/116399651585664725","error":""},"_links":{"self":[{"href":"https:\/\/www.europesays.com\/de\/wp-json\/wp\/v2\/posts\/943597","targetHints":{"allow":["GET"]}}],"collection":[{"href":"https:\/\/www.europesays.com\/de\/wp-json\/wp\/v2\/posts"}],"about":[{"href":"https:\/\/www.europesays.com\/de\/wp-json\/wp\/v2\/types\/post"}],"author":[{"embeddable":true,"href":"https:\/\/www.europesays.com\/de\/wp-json\/wp\/v2\/users\/2"}],"replies":[{"embeddable":true,"href":"https:\/\/www.europesays.com\/de\/wp-json\/wp\/v2\/comments?post=943597"}],"version-history":[{"count":0,"href":"https:\/\/www.europesays.com\/de\/wp-json\/wp\/v2\/posts\/943597\/revisions"}],"wp:featuredmedia":[{"embeddable":true,"href":"https:\/\/www.europesays.com\/de\/wp-json\/wp\/v2\/media\/943598"}],"wp:attachment":[{"href":"https:\/\/www.europesays.com\/de\/wp-json\/wp\/v2\/media?parent=943597"}],"wp:term":[{"taxonomy":"category","embeddable":true,"href":"https:\/\/www.europesays.com\/de\/wp-json\/wp\/v2\/categories?post=943597"},{"taxonomy":"post_tag","embeddable":true,"href":"https:\/\/www.europesays.com\/de\/wp-json\/wp\/v2\/tags?post=943597"}],"curies":[{"name":"wp","href":"https:\/\/api.w.org\/{rel}","templated":true}]}}