{"id":943607,"date":"2026-04-13T22:05:15","date_gmt":"2026-04-13T22:05:15","guid":{"rendered":"https:\/\/www.europesays.com\/de\/943607\/"},"modified":"2026-04-13T22:05:15","modified_gmt":"2026-04-13T22:05:15","slug":"elyas-mbarek-sucht-neue-wohnung-in-muenchen-extrem-teuer","status":"publish","type":"post","link":"https:\/\/www.europesays.com\/de\/943607\/","title":{"rendered":"Elyas M&#8217;Barek sucht neue Wohnung in M\u00fcnchen: &#8222;Extrem teuer&#8220;"},"content":{"rendered":"<p>Als einer der bekanntesten Kino- und TV-Stars Deutschlands ist es f\u00fcr Elyas M&#8217;Barek schwierig, in der \u00d6ffentlichkeit inkognito zu bleiben. Daher hatte sich der Schauspieler 2023 dazu entschieden, seine Heimat <a href=\"https:\/\/www.abendzeitung-muenchen.de\/muenchen\/\" rel=\"nofollow noopener\" target=\"_blank\">M\u00fcnchen<\/a> zu verlassen und in die USA aufzubrechen. Doch nun steht eine R\u00fcckkehr im Raum. Was sind seine Pl\u00e4ne?<\/p>\n<p>R\u00fcckkehr nach M\u00fcnchen geplant: &#8222;Bin zu weit weg&#8220;<\/p>\n<p>Am vergangenen Wochenende (11. und 12. April) fand in Wiesbaden das Business-Festival &#8222;Founder Summit&#8220; statt. Mit dabei war auch Elyas M&#8217;Barek. Er verk\u00fcndete eine gro\u00dfe \u00dcberraschung: Der Schauspieler will New York wieder verlassen und sucht in M\u00fcnchen bereits eine Wohnung. &#8222;New York ist geil, aber extrem teuer&#8220;, zitiert &#8222;<a href=\"https:\/\/www.bild.de\/unterhaltung\/stars-und-leute\/elyas-mbarek-er-zieht-aus-new-york-weg-69dbc969f30b32a4822c2810\" target=\"_blank\" rel=\"noopener nofollow\" title=\"https:\/\/www.bild.de\/unterhaltung\/stars-und-leute\/elyas-mbarek-er-zieht-aus-new-york-weg-69dbc969f30b32a4822c2810\" class=\"ext_links\">Bild<\/a>&#8220; den erfolgreichen Filmstar.<\/p>\n<p>Die Kosten sollen allerdings nicht der Hauptgrund f\u00fcr einen transatlantischen Umzug sein. Das Leben des Schauspielers ist durch das Pendeln sehr viel herausfordernder geworden, wie er erkl\u00e4rte: &#8222;Dieses Reisen ist zu anstrengend. Ich bin zu weit weg und zu unflexibel.&#8220; Die Umsetzung neuer Projekte sei schwierig, da Elyas M&#8217;Barek \u2013 zumindest noch aktuell \u2013 so weit weg lebt.<\/p>\n<p>     <img decoding=\"async\" loading=\"lazy\" src=\"https:\/\/www.europesays.com\/de\/wp-content\/uploads\/2026\/04\/1678797_h-02681699_artikelbild-75proz_1FT9vn_nWJJ2M.jpg\" alt=\"Vor wenigen Wochen feierte Elyas M'Barek mit Ehefrau Jessica auf dem Deutschen Filmball in M\u00fcnchen.\" title=\"Vor wenigen Wochen feierte Elyas M'Barek mit Ehefrau Jessica auf dem Deutschen Filmball in M\u00fcnchen.\" width=\"609\" height=\"343\"\/><\/p>\n<p>      Vor wenigen Wochen feierte Elyas M&#8217;Barek mit Ehefrau Jessica auf dem Deutschen Filmball in M\u00fcnchen.<br \/>\n      \u00a9 BrauerPhotos\/Dominik_Beckmann<\/p>\n<p>    Vor wenigen Wochen feierte Elyas M&#8217;Barek mit Ehefrau Jessica auf dem Deutschen Filmball in M\u00fcnchen.<\/p>\n<p>von BrauerPhotos\/Dominik_Beckmann <\/p>\n<p>&#8222;}&#8220;&gt; <\/p>\n<p>Kinostar Elyas M&#8217;Barek: Er ist schon in M\u00fcnchen gelandet<\/p>\n<p>Die Entscheidung f\u00fcr einen Umzug vor drei Jahren hatte der &#8222;Fack ju G\u00f6hte&#8220;-Star f\u00fcr seine Ehefrau Jessica, die er 2022 geheiratet hat, getroffen. &#8222;Das war eine sch\u00f6ne Sache. Meine Frau ist Amerikanerin, deswegen bin ich dahin gegangen. Aber wir haben gemerkt, dass es mein Leben zu kompliziert macht.&#8220; Daher arbeitet Elyas M&#8217;Barek nun kr\u00e4ftig an einer M\u00fcnchen-R\u00fcckkehr \u2013 und hat schon am Montag (13. April) einen Besichtigungstermin in der bayerischen Landeshauptstadt. Wie seiner Instagram-Story zu entnehmen ist, befindet sich der Schauspieler aktuell im feinen F\u00fcnf-Sterne-Hotel Rosewood in M\u00fcnchen.<\/p>\n<p>Ehefrau Jessica M&#8217;Barek will im Falle eines Umzugs ebenfalls in die Isarmetropole umsiedeln. Das Paar bringt auch ein kleines Familienmitglied mit: seinen Hund. Jessica und Elyas M&#8217;Barek haben 2025 einen Cavapoo, eine Mischung aus einem Cavalier King Charles Spaniel und einem Pudel, adoptiert. Vielleicht sieht man die drei bald gemeinsam durch den Englischen Garten spazieren.<\/p>\n","protected":false},"excerpt":{"rendered":"Als einer der bekanntesten Kino- und TV-Stars Deutschlands ist es f\u00fcr Elyas M&#8217;Barek schwierig, in der \u00d6ffentlichkeit inkognito&hellip;\n","protected":false},"author":2,"featured_media":943608,"comment_status":"","ping_status":"","sticky":false,"template":"","format":"standard","meta":{"footnotes":"","_share_on_mastodon":"0"},"categories":[155],"tags":[29,132688,214,30,2045,215],"class_list":["post-943607","post","type-post","status-publish","format-standard","has-post-thumbnail","category-unterhaltung","tag-deutschland","tag-elyas-m","tag-entertainment","tag-germany","tag-promis","tag-unterhaltung"],"share_on_mastodon":{"url":"https:\/\/pubeurope.com\/@de\/116399671120187042","error":""},"_links":{"self":[{"href":"https:\/\/www.europesays.com\/de\/wp-json\/wp\/v2\/posts\/943607","targetHints":{"allow":["GET"]}}],"collection":[{"href":"https:\/\/www.europesays.com\/de\/wp-json\/wp\/v2\/posts"}],"about":[{"href":"https:\/\/www.europesays.com\/de\/wp-json\/wp\/v2\/types\/post"}],"author":[{"embeddable":true,"href":"https:\/\/www.europesays.com\/de\/wp-json\/wp\/v2\/users\/2"}],"replies":[{"embeddable":true,"href":"https:\/\/www.europesays.com\/de\/wp-json\/wp\/v2\/comments?post=943607"}],"version-history":[{"count":0,"href":"https:\/\/www.europesays.com\/de\/wp-json\/wp\/v2\/posts\/943607\/revisions"}],"wp:featuredmedia":[{"embeddable":true,"href":"https:\/\/www.europesays.com\/de\/wp-json\/wp\/v2\/media\/943608"}],"wp:attachment":[{"href":"https:\/\/www.europesays.com\/de\/wp-json\/wp\/v2\/media?parent=943607"}],"wp:term":[{"taxonomy":"category","embeddable":true,"href":"https:\/\/www.europesays.com\/de\/wp-json\/wp\/v2\/categories?post=943607"},{"taxonomy":"post_tag","embeddable":true,"href":"https:\/\/www.europesays.com\/de\/wp-json\/wp\/v2\/tags?post=943607"}],"curies":[{"name":"wp","href":"https:\/\/api.w.org\/{rel}","templated":true}]}}