{"id":943999,"date":"2026-04-14T01:47:13","date_gmt":"2026-04-14T01:47:13","guid":{"rendered":"https:\/\/www.europesays.com\/de\/943999\/"},"modified":"2026-04-14T01:47:13","modified_gmt":"2026-04-14T01:47:13","slug":"party-paradiso-in-stuttgart-nach-palais-apres-aus-auf-der-treppe-vor-dem-stadtpalais-wird-wieder-getanzt-2","status":"publish","type":"post","link":"https:\/\/www.europesays.com\/de\/943999\/","title":{"rendered":"\u201eParty Paradiso\u201c in Stuttgart: Nach \u201ePalais Apr\u00e8s\u201c-Aus: Auf der Treppe vor dem Stadtpalais wird wieder getanzt"},"content":{"rendered":"<p>Am Samstag, 16. Mai 2026, wird die Freitreppe vor dem <a href=\"https:\/\/www.stuttgarter-zeitung.de\/thema\/StadtPalais_-_Museum_f%C3%BCr_Stuttgart\" title=\"Stadtpalais\" class=\"art_thema\" rel=\"nofollow noopener\" target=\"_blank\">Stadtpalais<\/a> wieder zum Veranstaltungsort. In Kooperation mit der Staatsoper <a href=\"https:\/\/www.stuttgarter-zeitung.de\/thema\/Stuttgart\" title=\"Stuttgart\" class=\"art_thema\" rel=\"nofollow noopener\" target=\"_blank\">Stuttgart<\/a> und ihrem <a href=\"https:\/\/www.staatsoper-stuttgart.de\/spielplan\/a-z\/station-paradiso\/\" target=\"_blank\" rel=\"nofollow noopener\">neuen St\u00fcck \u201eStation Paradiso\u201c<\/a> l\u00e4dt das Stadtpalais zur \u201eParty Paradiso\u201c ein. Die Veranstaltung findet von 18 bis 22 Uhr statt und soll die Elemente Theater, Konzert und Party zusammenbringen.<\/p>\n<p>Verschiedene Musiker aus der Region werden auftreten. Den Auftakt macht DJ Presto, gefolgt vom Rap-Trio Junge Arbeiter aus B\u00f6blingen, bevor DJ Mimi Maxaieie den Abend abschlie\u00dft. <\/p>\n<p>Beliebte Eventreihe \u201ePalais Apr\u00e8s\u201c musste beendet werden <\/p>\n<p>Dass der Bereich vor dem Stadtpalais bei den Stuttgarterinnen und Stuttgartern ein beliebter Partyort ist, zeigte bereits <a href=\"https:\/\/www.stuttgarter-zeitung.de\/inhalt.palais-apr-s-vor-dem-stadtpalais-stuttgart-warum-die-party-auf-der-treppe-vorerst-vorbei-ist.05597da0-bd54-4d01-b3a3-410f2c9abcee.html\" target=\"_blank\" rel=\"nofollow noopener\">die Eventreihe \u201ePalais Apr\u00e8s\u201c<\/a>. So wurde 2023 zun\u00e4chst der Balkon des Stadtpalais, dann 2024 die gro\u00dfe Freitreppe inklusive Vorplatz an mehreren Donnerstagen zum Treffpunkt f\u00fcr Feierfreudige. W\u00e4hrend die Sonne unterging, versammelten sich die Stuttgarterinnen und Stuttgarter nahe dem Charlottenplatz, tanzten zu Sets lokaler DJs und genossen k\u00fchle Drinks \u2013 bei freiem Eintritt.<\/p>\n<p>Das Open-Air-Format entwickelte sich schnell zum Publikumserfolg, musste jedoch ebenso abrupt wieder eingestellt werden. Als Gr\u00fcnde wurden unter anderem Beschwerden lokaler Gewerbetreibender sowie fehlende Genehmigungen genannt. Entsprechend gro\u00df war die Entt\u00e4uschung in der Stadt, die sich auch in zahlreichen Reaktionen in den sozialen Medien widerspiegelte.<\/p>\n<p>Neue Zusammenarbeit mit Staatsoper <\/p>\n<p>Ganz verschwunden ist die Idee hinter den damaligen Veranstaltungen jedoch nicht: Bereits Anfang 2025 kehrte \u201ePalais Apr\u00e8s\u201c in ver\u00e4nderter Form zur\u00fcck \u2013 als Auftakt des Festivals \u201eSound of Stuttgart\u201c, das ebenfalls im Stadtpalais stattfand. F\u00fcnf Sondergenehmigung pro Jahr wurden dem Stadtpalais f\u00fcr Veranstaltungen vor dem Museum erteilt. <\/p>\n<p>\u201eParty Paradiso\u201c kn\u00fcpft nun an diese Entwicklung an und bringt das Open-Air-Erlebnis zur\u00fcck auf den Vorplatz. Gleichzeitig geht die Veranstaltung einen Schritt weiter, indem sie die Zusammenarbeit mit der Staatsoper sucht und unterschiedliche kulturelle Einfl\u00fcsse miteinander verwebt.<\/p>\n<p>So soll ein Abend entstehen, der nicht nur zum Tanzen einl\u00e4dt, sondern auch zeigt, wie lebendig und wandelbar die Stuttgarter Kulturszene ist.<\/p>\n","protected":false},"excerpt":{"rendered":"Am Samstag, 16. Mai 2026, wird die Freitreppe vor dem Stadtpalais wieder zum Veranstaltungsort. In Kooperation mit der&hellip;\n","protected":false},"author":2,"featured_media":943138,"comment_status":"","ping_status":"","sticky":false,"template":"","format":"standard","meta":{"footnotes":"","_share_on_mastodon":"0"},"categories":[1830],"tags":[4657,1634,3364,29,4115,30,80,2450,112949,34166,1441,85897],"class_list":["post-943999","post","type-post","status-publish","format-standard","has-post-thumbnail","category-stuttgart","tag-stadtreporter","tag-baden-wuerttemberg","tag-de","tag-deutschland","tag-event","tag-germany","tag-kultur","tag-party","tag-staatsoper-stuttgart","tag-stadtpalais-museum-fuer-stuttgart","tag-stuttgart","tag-textmanager"],"share_on_mastodon":{"url":"https:\/\/pubeurope.com\/@de\/116400544137936063","error":""},"_links":{"self":[{"href":"https:\/\/www.europesays.com\/de\/wp-json\/wp\/v2\/posts\/943999","targetHints":{"allow":["GET"]}}],"collection":[{"href":"https:\/\/www.europesays.com\/de\/wp-json\/wp\/v2\/posts"}],"about":[{"href":"https:\/\/www.europesays.com\/de\/wp-json\/wp\/v2\/types\/post"}],"author":[{"embeddable":true,"href":"https:\/\/www.europesays.com\/de\/wp-json\/wp\/v2\/users\/2"}],"replies":[{"embeddable":true,"href":"https:\/\/www.europesays.com\/de\/wp-json\/wp\/v2\/comments?post=943999"}],"version-history":[{"count":0,"href":"https:\/\/www.europesays.com\/de\/wp-json\/wp\/v2\/posts\/943999\/revisions"}],"wp:featuredmedia":[{"embeddable":true,"href":"https:\/\/www.europesays.com\/de\/wp-json\/wp\/v2\/media\/943138"}],"wp:attachment":[{"href":"https:\/\/www.europesays.com\/de\/wp-json\/wp\/v2\/media?parent=943999"}],"wp:term":[{"taxonomy":"category","embeddable":true,"href":"https:\/\/www.europesays.com\/de\/wp-json\/wp\/v2\/categories?post=943999"},{"taxonomy":"post_tag","embeddable":true,"href":"https:\/\/www.europesays.com\/de\/wp-json\/wp\/v2\/tags?post=943999"}],"curies":[{"name":"wp","href":"https:\/\/api.w.org\/{rel}","templated":true}]}}