{"id":944146,"date":"2026-04-14T03:14:30","date_gmt":"2026-04-14T03:14:30","guid":{"rendered":"https:\/\/www.europesays.com\/de\/944146\/"},"modified":"2026-04-14T03:14:30","modified_gmt":"2026-04-14T03:14:30","slug":"habe-noch-fuenf-spiele-el-mala-deutet-koeln-abschied-an","status":"publish","type":"post","link":"https:\/\/www.europesays.com\/de\/944146\/","title":{"rendered":"\u201eHabe noch f\u00fcnf Spiele\u201c: El Mala deutet K\u00f6ln-Abschied an"},"content":{"rendered":"<p>Der <a href=\"https:\/\/www.fussballdaten.de\/vereine\/1-fc-koeln\/\" title=\"Profil von 1. FC K\u00f6ln\" rel=\"nofollow noopener\" target=\"_blank\">1. FC K\u00f6ln<\/a> holte am Sonntag gegen Werder <a href=\"https:\/\/www.fussballdaten.de\/vereine\/sv-werder-bremen\/\" title=\"Profil von SV Werder Bremen\" rel=\"nofollow noopener\" target=\"_blank\">Bremen<\/a> wichtige Punkte im Abstiegskampf. <a href=\"https:\/\/www.fussballdaten.de\/person\/said-el-mala\/\" title=\"Profil von Said El Mala\" rel=\"nofollow noopener\" target=\"_blank\">Said El Mala<\/a> stand einmal mehr im Mittelpunkt: einerseits aufgrund eines aufgestellten Rekords, andererseits aufgrund von Aussagen zu seiner Zukunft.<\/p>\n<p>Mit erstem Elfmeter: El Mala stellt Rekord auf<\/p>\n<p class=\"mb20 mt30\">Said El Mala war sichtlich gut gelaunt, als er nach dem 3:1-Sieg gegen Werder Bremen in den Katakomben des K\u00f6lner Stadions \u00fcber seinen neu aufgestellten Rekord sprach. Der geb\u00fcrtige Krefelder ist nun der j\u00fcngste Spieler der FC-Geschichte mit elf Bundesliga-Treffern in einer Saison \u2013 eine Bestmarke, die zuvor von Vereinsikone Lukas Podolski gehalten wurde.<\/p>\n<p class=\"mb20 mt30\">El Mala leitete den Sieg gegen Bremen bereits in der siebten Minute per Foulelfmeter ein \u2013 seinem allerersten in einem Pflichtspiel. \u201eEs war auch Druck. Aber ich hatte Bock. Ich wollte ein Tor machen. Da habe ich ihn mir einfach genommen\u201c, erkl\u00e4rte der 19-J\u00e4hrige nach dem Spiel bei \u201eDAZN\u201c. Trainer Ren\u00e9 Wagner gab nach dem Spiel zu, dass er sich f\u00fcr keinen bestimmten Sch\u00fctzen entschieden hatte. El Mala entschied sich spontan und selbstbewusst.<\/p>\n<p>Nur noch f\u00fcnfmal f\u00fcr K\u00f6ln? El Mala deutet Abschied an<\/p>\n<p class=\"mb20 mt30\">Der Sieg kommt zur richtigen Zeit. Nach dem ersten Sieg seit Ende Januar steht K\u00f6ln nun auf dem 13. Tabellenplatz \u2013 f\u00fcnf Punkte vor dem Relegationsplatz. Gewinnen die Domst\u00e4dter am Freitag das direkte Duell in Hamburg, ist der Klassenerhalt so gut wie sicher. \u201eEs gibt extrem viel Energie f\u00fcr die n\u00e4chsten Spiele\u201c, sagte El Mala.<\/p>\n<p class=\"mb20 mt30\">Die gro\u00dfe Frage bleibt: Wie sieht es um seine Zukunft aus? El Mala lie\u00df nach dem Spiel Fragen \u00fcber seine Zukunft offen, deutete jedoch einen Abschied an. \u201eIch habe noch f\u00fcnf Spiele zu gehen und da gebe ich alles\u201c, sagte der U21-Nationalspieler. Er h\u00e4tte vertrauliche Gespr\u00e4che mit Sportgesch\u00e4ftsf\u00fchrer Thomas Kessler gef\u00fchrt. Mehr wollte er nicht verraten.<\/p>\n<p>Der englische Erstligist Brighton &amp; Hove Albion soll konkretes Interesse zeigen. Wie \u201eSky\u201c berichtet, gibt es entgegen einiger Medienberichte noch keine Einigung zwischen den \u201eSeagulls\u201c und dem \u201eEffzeh\u201c. El Malas Marktwert stieg in dieser Saison von drei auf zwischenzeitlich 40 Millionen Euro. Bei einem Verkauf w\u00fcrde der Offensivspieler zum teuersten Abgang der FC-Geschichte werden. Es k\u00f6nnten die letzten Wochen sein, die der 1. FC K\u00f6ln mit seinem gr\u00f6\u00dften Talent der letzten Jahre verbringt.<\/p>\n","protected":false},"excerpt":{"rendered":"Der 1. FC K\u00f6ln holte am Sonntag gegen Werder Bremen wichtige Punkte im Abstiegskampf. Said El Mala stand&hellip;\n","protected":false},"author":2,"featured_media":944147,"comment_status":"","ping_status":"","sticky":false,"template":"","format":"standard","meta":{"footnotes":"","_share_on_mastodon":"0"},"categories":[1828],"tags":[623,300,91559,299,29,347,30,15872,1420,1209,196036,96014,7249,537],"class_list":["post-944146","post","type-post","status-publish","format-standard","has-post-thumbnail","category-koeln","tag-1-fc-koeln","tag-abstiegskampf","tag-brighton-hove-albion","tag-bundesliga","tag-deutschland","tag-fussball","tag-germany","tag-klassenerhalt","tag-koeln","tag-nordrhein-westfalen","tag-rene-wagner","tag-said-el-mala","tag-thomas-kessler","tag-werder-bremen"],"share_on_mastodon":{"url":"https:\/\/pubeurope.com\/@de\/116400886086229262","error":""},"_links":{"self":[{"href":"https:\/\/www.europesays.com\/de\/wp-json\/wp\/v2\/posts\/944146","targetHints":{"allow":["GET"]}}],"collection":[{"href":"https:\/\/www.europesays.com\/de\/wp-json\/wp\/v2\/posts"}],"about":[{"href":"https:\/\/www.europesays.com\/de\/wp-json\/wp\/v2\/types\/post"}],"author":[{"embeddable":true,"href":"https:\/\/www.europesays.com\/de\/wp-json\/wp\/v2\/users\/2"}],"replies":[{"embeddable":true,"href":"https:\/\/www.europesays.com\/de\/wp-json\/wp\/v2\/comments?post=944146"}],"version-history":[{"count":0,"href":"https:\/\/www.europesays.com\/de\/wp-json\/wp\/v2\/posts\/944146\/revisions"}],"wp:featuredmedia":[{"embeddable":true,"href":"https:\/\/www.europesays.com\/de\/wp-json\/wp\/v2\/media\/944147"}],"wp:attachment":[{"href":"https:\/\/www.europesays.com\/de\/wp-json\/wp\/v2\/media?parent=944146"}],"wp:term":[{"taxonomy":"category","embeddable":true,"href":"https:\/\/www.europesays.com\/de\/wp-json\/wp\/v2\/categories?post=944146"},{"taxonomy":"post_tag","embeddable":true,"href":"https:\/\/www.europesays.com\/de\/wp-json\/wp\/v2\/tags?post=944146"}],"curies":[{"name":"wp","href":"https:\/\/api.w.org\/{rel}","templated":true}]}}