{"id":944204,"date":"2026-04-14T03:47:21","date_gmt":"2026-04-14T03:47:21","guid":{"rendered":"https:\/\/www.europesays.com\/de\/944204\/"},"modified":"2026-04-14T03:47:21","modified_gmt":"2026-04-14T03:47:21","slug":"oepnv-im-landkreis-augsburg-staerken-und-alternativen-zum-auto-aufzeigen","status":"publish","type":"post","link":"https:\/\/www.europesays.com\/de\/944204\/","title":{"rendered":"\u00d6PNV im Landkreis Augsburg st\u00e4rken und Alternativen zum Auto aufzeigen"},"content":{"rendered":"<p class=\"mb-6 text-xs md:text-m lg:text-l font-serif group-[.font-sans]:font-sans \">\n    Die Benzinpreise befinden sich auf einem historischen Hoch. Wie Autofahrer damit umgehen, wurde j\u00fcngst im Bericht \u201eTanken ist teuer \u2013 steigst du um?\u201c geschildert. Nach Ansicht der \u00d6DP deutet das Stimmungsbild darauf hin, dass viele Menschen im Landkreis die M\u00f6glichkeit des Aktivvo innerhalb des Landkreises nicht kennen. Das mutma\u00dft die \u00d6DP.  Kreisr\u00e4tin Gabi Olbrich-Krakowitzer hat deshalb Landrat <a href=\"https:\/\/www.augsburger-allgemeine.de\/personen\/aa-martin-sailer\" target=\"_self\" class=\"underline \" rel=\"nofollow noopener\">Sailer<\/a> in einem Schreiben gebeten, die B\u00fcrgermeisterinnen und B\u00fcrgermeister im Landkreis explizit zu bitten, in den Gemeindebl\u00e4ttern und auf den Webseiten die M\u00f6glichkeiten offensiv zu bewerben.\n  <\/p>\n<p>            Auch die Mitfahrplattform Fahrmob soll bekannter werden<\/p>\n<p class=\"mb-6 text-xs md:text-m lg:text-l font-serif group-[.font-sans]:font-sans \">\n    Dazu geh\u00f6rten nicht nur die Busverbindungen, sondern auch die M\u00f6glichkeit des <a href=\"https:\/\/www.augsburger-allgemeine.de\/augsburg-land\/nahverkehr-bald-gibt-es-den-on-demand-verkehr-aktivvo-im-gesamten-landkreis-augsburg-was-sich-aendert-113720218\" target=\"_self\" class=\"underline \" rel=\"nofollow noopener\">Aktivvo, das Rufbussystem des AVV<\/a> im Landkreis. Dieser Bus hat wesentlich mehr Haltepunkte und keine festen Fahrtrouten, sodass er flexibel genutzt werden kann.\u00a0\u201eEs gibt zudem die M\u00f6glichkeit, sich auf der <a href=\"https:\/\/www.augsburger-allgemeine.de\/augsburg-land\/fahrmob-im-landkreis-augsburg-mitfahrplattform-verbessert-mobilitaet-und-umwelt-110013275\" target=\"_self\" class=\"underline \" rel=\"nofollow noopener\">Mitfahrplattform Fahrmob<\/a> zu vernetzen\u201c, so Olbrich-Krakowitzer. Diese Plattform sei nicht kommerziell, inzwischen in gro\u00dfen Teilen Schwabens verbreitet, und wird auch vom Landkreis unterst\u00fctzt. Hier k\u00f6nnen Mitfahrgelegenheiten sowohl angeboten als auch genutzt werden.\n  <\/p>\n<p>            AVV soll \u201eoffensiv\u201c Werbung betreiben<\/p>\n<p class=\"mb-6 text-xs md:text-m lg:text-l font-serif group-[.font-sans]:font-sans \">\n    Auch wurde Landrat Sailer gebeten, auf den AVV einzuwirken, dass dieser \u201eoffensiv Werbung betreiben\u201c soll \u2013 insbesondere auch f\u00fcr den Aktivvo, selbstverst\u00e4ndlich aber auch f\u00fcr die sonstigen Busverbindungen. Wichtig sei, dass die B\u00fcrgerinnen und B\u00fcrger die Info \u00fcber alle M\u00f6glichkeiten h\u00e4tten. M\u00e4ngel bei Verbindungen sollten dem Landratsamt gemeldet werden, hei\u00dft es in der Pressemitteilung der \u00d6DP. Selbstverst\u00e4ndlich biete der \u00d6PNV nicht den gleichen Komfort wie das eigene <a href=\"https:\/\/www.ka-news.de\/auto\" target=\"_self\" class=\"underline \" rel=\"nofollow noopener\">Auto<\/a>, habe aber ein oft hohes Sparpotenzial bei den Kosten. Olbrich-Krakowitzer: \u201eEs ist klar, dass die hohen Spritpreise nicht nur ein \u00c4rgernis, sondern f\u00fcr viele Menschen eine sehr hohe Belastung sind. Deshalb halten wir es f\u00fcr sehr wichtig, dass den Menschen die Alternativen auch bekannt gemacht werden. Mit deutlich mehr \u00d6ffentlichkeitsarbeit zu den M\u00f6glichkeiten, ohne eigenes Auto ans Ziel zu kommen, k\u00f6nnen Einzelne eventuell doch eine Alternative zum Auto finden, oder Kosten durch Fahrgemeinschaften sparen. Das w\u00e4re dann nicht nur ein Gewinn f\u00fcr die Menschen, sondern auch f\u00fcr die Umwelt.\u201c (AZ)\n  <\/p>\n<ul data-module-id=\"DragDropModule\" class=\"flex flex-wrap justify-start group-[.no-bookmarks]:hidden\">\n<li class=\"mb-3 mr-3\">\n    Maximilian Czysz<\/p>\n<p>      Icon Haken im Kreis gesetzt<\/p>\n<p>      Icon Plus im Kreis<\/p>\n<\/li>\n<li class=\"mb-3 mr-3\">\n    \u00d6DP<\/p>\n<p>      Icon Haken im Kreis gesetzt<\/p>\n<p>      Icon Plus im Kreis<\/p>\n<\/li>\n<li class=\"mb-3 mr-3\">\n    Martin Sailer<\/p>\n<p>      Icon Haken im Kreis gesetzt<\/p>\n<p>      Icon Plus im Kreis<\/p>\n<\/li>\n<\/ul>\n","protected":false},"excerpt":{"rendered":"Die Benzinpreise befinden sich auf einem historischen Hoch. Wie Autofahrer damit umgehen, wurde j\u00fcngst im Bericht \u201eTanken ist&hellip;\n","protected":false},"author":2,"featured_media":944205,"comment_status":"","ping_status":"","sticky":false,"template":"","format":"standard","meta":{"footnotes":"","_share_on_mastodon":"0"},"categories":[1846],"tags":[680,513,772,3364,29,548,663,3934,205756,30,13,137026,137371,14,15,26708,12,18335,205755],"class_list":["post-944204","post","type-post","status-publish","format-standard","has-post-thumbnail","category-augsburg","tag-augsburg","tag-auto","tag-bayern","tag-de","tag-deutschland","tag-eu","tag-europa","tag-europe","tag-gabi-olbrich-krakowitzer","tag-germany","tag-headlines","tag-landkreis-augsburg","tag-martin-sailer","tag-nachrichten","tag-news","tag-oedp","tag-schlagzeilen","tag-spritpreis","tag-starkmacht"],"share_on_mastodon":{"url":"https:\/\/pubeurope.com\/@de\/116401015729286052","error":""},"_links":{"self":[{"href":"https:\/\/www.europesays.com\/de\/wp-json\/wp\/v2\/posts\/944204","targetHints":{"allow":["GET"]}}],"collection":[{"href":"https:\/\/www.europesays.com\/de\/wp-json\/wp\/v2\/posts"}],"about":[{"href":"https:\/\/www.europesays.com\/de\/wp-json\/wp\/v2\/types\/post"}],"author":[{"embeddable":true,"href":"https:\/\/www.europesays.com\/de\/wp-json\/wp\/v2\/users\/2"}],"replies":[{"embeddable":true,"href":"https:\/\/www.europesays.com\/de\/wp-json\/wp\/v2\/comments?post=944204"}],"version-history":[{"count":0,"href":"https:\/\/www.europesays.com\/de\/wp-json\/wp\/v2\/posts\/944204\/revisions"}],"wp:featuredmedia":[{"embeddable":true,"href":"https:\/\/www.europesays.com\/de\/wp-json\/wp\/v2\/media\/944205"}],"wp:attachment":[{"href":"https:\/\/www.europesays.com\/de\/wp-json\/wp\/v2\/media?parent=944204"}],"wp:term":[{"taxonomy":"category","embeddable":true,"href":"https:\/\/www.europesays.com\/de\/wp-json\/wp\/v2\/categories?post=944204"},{"taxonomy":"post_tag","embeddable":true,"href":"https:\/\/www.europesays.com\/de\/wp-json\/wp\/v2\/tags?post=944204"}],"curies":[{"name":"wp","href":"https:\/\/api.w.org\/{rel}","templated":true}]}}