{"id":94421,"date":"2025-05-08T13:59:15","date_gmt":"2025-05-08T13:59:15","guid":{"rendered":"https:\/\/www.europesays.com\/de\/94421\/"},"modified":"2025-05-08T13:59:15","modified_gmt":"2025-05-08T13:59:15","slug":"niedersachsen-neun-millionen-euro-fuer-klimaschutz-projekte-im-raum-braunschweig","status":"publish","type":"post","link":"https:\/\/www.europesays.com\/de\/94421\/","title":{"rendered":"Niedersachsen: Neun Millionen Euro f\u00fcr Klimaschutz-Projekte im Raum Braunschweig"},"content":{"rendered":"<p class=\"metatextline\">Stand: 08.05.2025 15:08 Uhr<\/p>\n<p class=\"textabsatz columns twelve  m-ten  m-offset-one l-eight l-offset-two\">\n        <strong><strong>Die Region rund um Braunschweig erh\u00e4lt neun Millionen Euro f\u00fcr mehrere Klimaschutz-Projekte. Das Geld flie\u00dft in Vorhaben zu den Themen Wasser und Klimafolgenanpassung.<\/strong><\/strong>\n    <\/p>\n<p class=\"textabsatz m-ten m-offset-one l-eight l-offset-two columns twelve\">\nGef\u00f6rdert werden insgesamt zehn Projekte in den St\u00e4dten Braunschweig, Wolfsburg und Salzgitter und auf dem Land, teilte der Regionalverband Gro\u00dfraum Braunschweig am Donnerstag mit. Die Projekte im Einzelnen:<\/p>\n<ul class=\"bulletpoint-list \">\n<li>Pocketpark B\u00e4ckerklint in Braunschweig &#8211; Verbesserung innerst\u00e4dtischer Lebensraumfunktion durch Entsiegelung, Begr\u00fcnung und angepasstes Regenwassermanagement (Stadt Braunschweig)<\/li>\n<li>Renaturierung der Sch\u00f6lke und Freiraumgestaltung im Stadtpark Salzgitter-Lebenstedt (Stadt Salzgitter)<\/li>\n<li>Starkregen- und \u00dcberflutungsvorsorge f\u00fcr den s\u00fcdlichen Teil Nordsteimkes in Wolfsburg (Stadt Wolfsburg)<\/li>\n<li>Wasserr\u00fcckhalt im Wald des Ise-Tals in der S\u00fcdheide und im Steimker Bachtal im Harz (Regionalverband Gro\u00dfraum Braunschweig)<\/li>\n<li>Blau-Gr\u00fcner Biotopverbund in der S\u00fcdheide &#8211; Fluss- und Auenentwicklung an Beberbach und Bruno mit H\u00e4sselbach (Aktion Fischotterschutz e.V.)<\/li>\n<li>Netzwerk Gro\u00dfes Moor (NABU Kreisverband Gifhorn e.V.)<\/li>\n<li>Verbesserung des Wasserhaushalts im Wolfsburger Dr\u00f6mling (Stadt Wolfsburg)<\/li>\n<li>Wasserstabiles Einzugsgebiet &#8222;Blaue Wabe&#8220; mit den Einzelprojekten Land- und Forstwirtschaft sowie dem Siedlungsbereich Neuerkerode (Landschaftspflegeverband Wolfenb\u00fcttel e.V. und Evangelische Stiftung Neuerkerode)<\/li>\n<li>Gesteuertes Wassermengenmanagement Innerste &#8211; Schwammregion Innerste durch Revitalisierung des Auen\u00f6kosystems (Samtgemeinde Baddeckenstedt)<\/li>\n<\/ul>\n<p class=\"textabsatz m-ten m-offset-one l-eight l-offset-two columns twelve\">\nUmgesetzt werden die Projekte von den Kommunen und einzelnen Umweltschutz-Verb\u00e4nden. Sechs der neun Millionen Euro stehen aus Mitteln des Bundesministeriums f\u00fcr Umwelt, Naturschutz, Nukleare Sicherheit und Verbraucherschutz (BMUV) bereit und knapp drei Millionen Euro steuert der Regionalverband \u00fcber die kommenden f\u00fcnf Jahre bei.<\/p>\n<p class=\"textabsatz m-ten m-offset-one l-eight l-offset-two columns twelve\"><strong>Dieses Thema im Programm:<\/strong><br \/>NDR 1 Niedersachsen | Regional Braunschweig | 08.05.2025 | 13:30 Uhr<\/p>\n<p>                                        <a class=\"backlink__link\" href=\"https:\/\/www.ndr.de\/nachrichten\/niedersachsen\/braunschweig_harz_goettingen\/Neun-Millionen-Euro-fuer-Klimaschutzprojekte-im-Raum-Braunschweig,aktuellbraunschweig15426.html\" target=\"_blank\" rel=\"noopener\"><\/p>\n<p>                                                <img loading=\"lazy\" decoding=\"async\" alt=\"Norddeutscher Rundfunk\" src=\"https:\/\/www.europesays.com\/de\/wp-content\/uploads\/2025\/04\/lra-ndr-logo-100.svg.svg+xml\" height=\"40\" width=\"40\"\/><\/p>\n<p>                                        <\/a><\/p>\n","protected":false},"excerpt":{"rendered":"Stand: 08.05.2025 15:08 Uhr Die Region rund um Braunschweig erh\u00e4lt neun Millionen Euro f\u00fcr mehrere Klimaschutz-Projekte. Das Geld&hellip;\n","protected":false},"author":2,"featured_media":94422,"comment_status":"","ping_status":"","sticky":false,"template":"","format":"standard","meta":{"footnotes":""},"categories":[1850],"tags":[6429,3364,29,548,663,3934,30,13,14,438,15,1411,12],"class_list":{"0":"post-94421","1":"post","2":"type-post","3":"status-publish","4":"format-standard","5":"has-post-thumbnail","7":"category-braunschweig","8":"tag-braunschweig","9":"tag-de","10":"tag-deutschland","11":"tag-eu","12":"tag-europa","13":"tag-europe","14":"tag-germany","15":"tag-headlines","16":"tag-nachrichten","17":"tag-ndr","18":"tag-news","19":"tag-niedersachsen","20":"tag-schlagzeilen"},"share_on_mastodon":{"url":"https:\/\/pubeurope.com\/@de\/114472574302443260","error":""},"_links":{"self":[{"href":"https:\/\/www.europesays.com\/de\/wp-json\/wp\/v2\/posts\/94421","targetHints":{"allow":["GET"]}}],"collection":[{"href":"https:\/\/www.europesays.com\/de\/wp-json\/wp\/v2\/posts"}],"about":[{"href":"https:\/\/www.europesays.com\/de\/wp-json\/wp\/v2\/types\/post"}],"author":[{"embeddable":true,"href":"https:\/\/www.europesays.com\/de\/wp-json\/wp\/v2\/users\/2"}],"replies":[{"embeddable":true,"href":"https:\/\/www.europesays.com\/de\/wp-json\/wp\/v2\/comments?post=94421"}],"version-history":[{"count":0,"href":"https:\/\/www.europesays.com\/de\/wp-json\/wp\/v2\/posts\/94421\/revisions"}],"wp:featuredmedia":[{"embeddable":true,"href":"https:\/\/www.europesays.com\/de\/wp-json\/wp\/v2\/media\/94422"}],"wp:attachment":[{"href":"https:\/\/www.europesays.com\/de\/wp-json\/wp\/v2\/media?parent=94421"}],"wp:term":[{"taxonomy":"category","embeddable":true,"href":"https:\/\/www.europesays.com\/de\/wp-json\/wp\/v2\/categories?post=94421"},{"taxonomy":"post_tag","embeddable":true,"href":"https:\/\/www.europesays.com\/de\/wp-json\/wp\/v2\/tags?post=94421"}],"curies":[{"name":"wp","href":"https:\/\/api.w.org\/{rel}","templated":true}]}}