{"id":944231,"date":"2026-04-14T04:03:23","date_gmt":"2026-04-14T04:03:23","guid":{"rendered":"https:\/\/www.europesays.com\/de\/944231\/"},"modified":"2026-04-14T04:03:23","modified_gmt":"2026-04-14T04:03:23","slug":"primal-scream-uk-tour-termine-und-ticketinfos","status":"publish","type":"post","link":"https:\/\/www.europesays.com\/de\/944231\/","title":{"rendered":"Primal Scream UK-Tour \u2013 Termine und Ticketinfos"},"content":{"rendered":"<p>\t\t\t\t\t\t\t<img loading=\"lazy\" decoding=\"async\" src=\"data:image\/svg+xml,%3Csvg%20xmlns=\" http:=\"\" class=\"wp-block-post-featured-image\" alt=\"Bobby Gillespie spielt 2021 mit Primal Scream\" width=\"1024\" height=\"681\" data-lazy-src=\"https:\/\/www.europesays.com\/de\/wp-content\/uploads\/2026\/04\/Bobby-Gillespie-Primal-Scream-1024x681.jpg\"\/><\/p>\n<p>\t\t\t\t\t\t\t\t\tFoto: Jeff J Mitchell\/Getty Images<\/p>\n<p>\t\t\t<a data-force-follow=\"\" href=\"https:\/\/secretldn.com\/de\/author\/jack-saddler\/\" rel=\"follow nofollow noopener\" target=\"_blank\"><img loading=\"lazy\" decoding=\"async\" alt=\"\" src=\"data:image\/svg+xml,%3Csvg%20xmlns=\" http:=\"\" data-lazy- class=\"avatar avatar-40 photo\" height=\"40\" width=\"40\" data-lazy-src=\"https:\/\/www.europesays.com\/de\/wp-content\/uploads\/2026\/04\/6f5c7baa7e6a495b134dc4931fc95ed13814ff1b13319deed787393a12b2dd54.png\"\/><\/a><\/p>\n<p>\n\t\t\t\t\u00a0\u2013\u00a0<br \/>\n\t\t\t\tSenior Staff Writer\n\t\t\t<\/p>\n<p>\t\t\t\u00a0\u00b7\u00a0<br \/>\n\t\t\t13 April, 2026<\/p>\n<p><strong>Primal Scream<\/strong> haben gerade eine <strong>Reihe von UK-Terminen<\/strong> f\u00fcr sp\u00e4ter im Jahr angek\u00fcndigt, darunter ein gro\u00dfes Konzert in Central London im HERE at Outernet.<\/p>\n<p>Auf <strong> der \u201eThe XTRMNTR Tour\u201c<\/strong> werden Primal Scream \u2013 du hast es erraten \u2013\u201eXTRMNTR\u201c in voller L\u00e4nge spielen, um das 25-j\u00e4hrige Jubil\u00e4um des Albums zu feiern. Dies folgt auf die gro\u00dfe Nachfrage nach weiteren Konzerten zur Feier des Albums, nachdem Bobby Gillespie und Co. ihr sechstes Studioalbum (das 2000 erschien) letztes Jahr im Londoner Roundhouse in voller L\u00e4nge gespielt hatten.<\/p>\n<p><img fetchpriority=\"high\" decoding=\"async\" width=\"1024\" height=\"1024\" src=\"data:image\/svg+xml,%3Csvg%20xmlns=\" http:=\"\" alt=\"Primal Scream UK-Tourplakat 2026\" class=\"wp-image-382168\" data-lazy- data-lazy- data-lazy-src=\"https:\/\/www.europesays.com\/de\/wp-content\/uploads\/2026\/04\/Primal-Scream-Sq-1024x1024.jpg\"\/><\/p>\n<p>Im Rahmen der Konzertreihe wird die Band aus Glasgow zwei Konzerte in ihrer Heimatstadt im Barrowland Ballroom geben, gefolgt von Auftritten in Newcastle, Nottingham, Manchester und Bristol, bevor die Tour in London endet. <\/p>\n<p>Neben der Tourank\u00fcndigung gab Primal Scream auch Neuigkeiten zu \u201eThe Bunker Trilogy\u201c bekannt, die Neuauflagen von drei ihrer wegweisendsten Alben umfasst: \u201eVanishing Point\u201c, \u201eXTRMNTR\u201c und \u201eEvil Heat\u201c. Seit heute wissen wir, dass \u201eThe Bunker Trilogy\u201c kommt, weitere Details werden aber voraussichtlich bald bekannt gegeben. <\/p>\n<p>Das aktuellste Material von Primal Scream erschien in Form ihres 12. Studioalbums \u201eCome Ahead\u201c, das 2024 ver\u00f6ffentlicht wurde, acht Jahre nach ihrem vorherigen Album \u201eChaosmosis\u201c.<\/p>\n<p>Wann gehen die Tickets f\u00fcr Primal Scream in den Verkauf?<\/p>\n<p>Tickets f\u00fcr Primal Scream gehen diesen Freitag, den 17. April, um 10 Uhr in den freien Verkauf, und <a href=\"https:\/\/dice.fm\/event\/g5xwy5-primal-scream-xtrmntr-15th-sep-here-at-outernet-london-tickets\" rel=\"nofollow noopener\" target=\"_blank\" class=\"shortcode-outbound-link\" data-has-ga=\"true\" data-ga-type=\"click\" data-label=\"https:\/\/dice.fm\/event\/g5xwy5-primal-scream-xtrmntr-15th-sep-here-at-outernet-london-tickets\" data-action=\"text_cta_0\" data-category=\"click_non_sales\">hier<\/a> findet ihr sie f\u00fcr die Londoner Show. <\/p>\n<p>Primal Scream \u201eThe XTRMNTR Tour\u201c Termine UK 2026<\/p>\n<p>3. September \u2013 Glasgow, Barrowland<br \/>4. September \u2013 Glasgow, Barrowland<br \/>8. September \u2013 Newcastle, NX<br \/>9. September \u2013 Nottingham, Rock City<br \/>11. September \u2013 Manchester, New Century<br \/>13. September \u2013 Bristol, Electric <br \/><strong>15. September \u2013 London, HERE im Outernet<\/strong><\/p>\n<p>Richte dir <a href=\"https:\/\/dice.fm\/event\/g5xwy5-primal-scream-xtrmntr-15th-sep-here-at-outernet-london-tickets\" rel=\"nofollow noopener\" target=\"_blank\" class=\"shortcode-outbound-link\" data-has-ga=\"true\" data-ga-type=\"click\" data-label=\"https:\/\/dice.fm\/event\/g5xwy5-primal-scream-xtrmntr-15th-sep-here-at-outernet-london-tickets\" data-action=\"text_cta_1\" data-category=\"click_non_sales\">hier<\/a> eine Erinnerung f\u00fcr Tickets zur Londoner Show ein. <\/p>\n","protected":false},"excerpt":{"rendered":"Foto: Jeff J Mitchell\/Getty Images \u00a0\u2013\u00a0 Senior Staff Writer \u00a0\u00b7\u00a0 13 April, 2026 Primal Scream haben gerade eine&hellip;\n","protected":false},"author":2,"featured_media":944232,"comment_status":"","ping_status":"","sticky":false,"template":"","format":"standard","meta":{"footnotes":"","_share_on_mastodon":"0"},"categories":[3976],"tags":[331,332,18864,19550,13,1779,14,15,12,3992,3993,3994,3995,3996,3997],"class_list":["post-944231","post","type-post","status-publish","format-standard","has-post-thumbnail","category-vereinigtes-koenigreich","tag-aktuelle-nachrichten","tag-aktuelle-news","tag-autumn","tag-big-concert","tag-headlines","tag-music","tag-nachrichten","tag-news","tag-schlagzeilen","tag-uk","tag-united-kingdom","tag-united-kingdom-of-great-britain-and-northern-ireland","tag-vereinigtes-koenigreich","tag-vereinigtes-koenigreich-grossbritannien-und-nordirland","tag-vereinigtes-koenigreich-von-grossbritannien-und-nordirland"],"share_on_mastodon":{"url":"https:\/\/pubeurope.com\/@de\/116401078803323362","error":""},"_links":{"self":[{"href":"https:\/\/www.europesays.com\/de\/wp-json\/wp\/v2\/posts\/944231","targetHints":{"allow":["GET"]}}],"collection":[{"href":"https:\/\/www.europesays.com\/de\/wp-json\/wp\/v2\/posts"}],"about":[{"href":"https:\/\/www.europesays.com\/de\/wp-json\/wp\/v2\/types\/post"}],"author":[{"embeddable":true,"href":"https:\/\/www.europesays.com\/de\/wp-json\/wp\/v2\/users\/2"}],"replies":[{"embeddable":true,"href":"https:\/\/www.europesays.com\/de\/wp-json\/wp\/v2\/comments?post=944231"}],"version-history":[{"count":0,"href":"https:\/\/www.europesays.com\/de\/wp-json\/wp\/v2\/posts\/944231\/revisions"}],"wp:featuredmedia":[{"embeddable":true,"href":"https:\/\/www.europesays.com\/de\/wp-json\/wp\/v2\/media\/944232"}],"wp:attachment":[{"href":"https:\/\/www.europesays.com\/de\/wp-json\/wp\/v2\/media?parent=944231"}],"wp:term":[{"taxonomy":"category","embeddable":true,"href":"https:\/\/www.europesays.com\/de\/wp-json\/wp\/v2\/categories?post=944231"},{"taxonomy":"post_tag","embeddable":true,"href":"https:\/\/www.europesays.com\/de\/wp-json\/wp\/v2\/tags?post=944231"}],"curies":[{"name":"wp","href":"https:\/\/api.w.org\/{rel}","templated":true}]}}