{"id":944303,"date":"2026-04-14T04:45:37","date_gmt":"2026-04-14T04:45:37","guid":{"rendered":"https:\/\/www.europesays.com\/de\/944303\/"},"modified":"2026-04-14T04:45:37","modified_gmt":"2026-04-14T04:45:37","slug":"kirschblueten-begeistern-einheimische-und-touristen-in-diesem-fruehling-in-berlin","status":"publish","type":"post","link":"https:\/\/www.europesays.com\/de\/944303\/","title":{"rendered":"Kirschbl\u00fcten begeistern Einheimische und Touristen in diesem Fr\u00fchling in Berlin"},"content":{"rendered":"<p>\n  Von&amp;nbsp<b>Euronews<\/b>&amp;nbspmit&amp;nbsp<b>AP<\/b>\n<\/p>\n<p>\n                    Zuerst ver\u00f6ffentlicht am                 13\/04\/2026 &#8211; 14:53 MESZ\u2022Zuletzt aktualisiert<br \/>\n                                     15:30\n                                        <\/p>\n<p>In der deutschen Hauptstadt Berlin haben am Wochenende viele die atemberaubende rosa bl\u00fchenden Kirschbl\u00fcten bestaunt, denn die <a href=\"https:\/\/www.gaertenderwelt.de\/\" target=\"_blank\" rel=\"noreferrer nofollow noopener\">G\u00e4rten der Welt<\/a> haben ihr j\u00e4hrliches Kirschbl\u00fctenfest veranstaltet.<\/p>\n<p>          <img decoding=\"async\" class=\"c-ad__placeholder__logo\" src=\"https:\/\/static.euronews.com\/website\/images\/logos\/logo-euronews-stacked-outlined-72x72-grey-9.svg\" width=\"72\" height=\"72\" alt=\"\" loading=\"lazy\"\/><br \/>\n          WERBUNG<\/p>\n<p>          <img decoding=\"async\" class=\"c-ad__placeholder__logo\" src=\"https:\/\/static.euronews.com\/website\/images\/logos\/logo-euronews-stacked-outlined-72x72-grey-9.svg\" width=\"72\" height=\"72\" alt=\"\" loading=\"lazy\"\/><br \/>\n          WERBUNG<\/p>\n<p>Viele Besucher und Besucherinnen machten Fotos mit den ikonischen Bl\u00fcten. Der Park bot eine Reihe von Programmen in den japanischen, chinesischen und koreanischen G\u00e4rten an. Zu den Aktivit\u00e4ten geh\u00f6rten Tanz- und Musik-Spektakel, Kunsthandwerk und eine Vielzahl kulinarischer Erlebnisse.<\/p>\n<p>Wie in den Vorjahren pr\u00e4sentierten auch zahlreiche Cosplay-Fans ihre Manga-Kost\u00fcme, w\u00e4hrend sie durch den Park flanierten.<\/p>\n<p>Neben den Kirschbl\u00fcten zeigt Berlin auch sein breiteres Spektrum an Fr\u00fchlingsbl\u00fchern durch seine &#8222;<a href=\"https:\/\/www.visitberlin.de\/en\/blog\/spring-map-berlin\" target=\"_blank\" rel=\"noreferrer nofollow noopener\">Fr\u00fchlings-Map<\/a>&#8222;, die den Besuchern nicht nur die Kirschb\u00e4ume, sondern auch andere saisonale Blumen und bl\u00fchende B\u00e4ume aufzeigt.<\/p>\n<p>Ein Geschenk aus Japan an Deutschland<\/p>\n<p>Die Kirschb\u00e4ume, die nur wenige Tage im Fr\u00fchjahr bl\u00fchen, sind in Deutschland nicht heimisch. Sie wurden dem Land in den fr\u00fchen 1990er Jahren von Japan geschenkt &#8211; nach dem Fall der Berliner Mauer und der Wiedervereinigung. In Japan symbolisiert die Kirschbl\u00fcte Verg\u00e4nglichkeit und Neubeginn.<\/p>\n<p>Tausende B\u00e4ume kamen so nach Europa, ein gro\u00dfer Teil wurde nach Berlin geschickt wurde. Auch wenn sich ein Gro\u00dfteil der ikonischen Kirschbl\u00fcten in der Hauptstadt befindet, sind sie nicht nur in Berlin, sondern in ganz Deutschland zu finden.<\/p>\n<p>In Bonn bilden Reihen von Kirschbl\u00fcten einen Baldachin entlang einer ber\u00fchmten Allee, die jedes Jahr Besucher und Besucherinnen aus der ganzen Welt anzieht. Und auch in Hannover, der Partnerstadt von Hiroshima, bl\u00fchen jedes Fr\u00fchjahr zahlreiche Kirschb\u00e4ume.<\/p>\n","protected":false},"excerpt":{"rendered":"Von&amp;nbspEuronews&amp;nbspmit&amp;nbspAP Zuerst ver\u00f6ffentlicht am 13\/04\/2026 &#8211; 14:53 MESZ\u2022Zuletzt aktualisiert 15:30 In der deutschen Hauptstadt Berlin haben am Wochenende&hellip;\n","protected":false},"author":2,"featured_media":944304,"comment_status":"","ping_status":"","sticky":false,"template":"","format":"standard","meta":{"footnotes":"","_share_on_mastodon":"0"},"categories":[1825],"tags":[296,29,205763,30,1163],"class_list":["post-944303","post","type-post","status-publish","format-standard","has-post-thumbnail","category-berlin","tag-berlin","tag-deutschland","tag-fauna-und-flora","tag-germany","tag-tourismus"],"share_on_mastodon":{"url":"https:\/\/pubeurope.com\/@de\/116401243994816915","error":""},"_links":{"self":[{"href":"https:\/\/www.europesays.com\/de\/wp-json\/wp\/v2\/posts\/944303","targetHints":{"allow":["GET"]}}],"collection":[{"href":"https:\/\/www.europesays.com\/de\/wp-json\/wp\/v2\/posts"}],"about":[{"href":"https:\/\/www.europesays.com\/de\/wp-json\/wp\/v2\/types\/post"}],"author":[{"embeddable":true,"href":"https:\/\/www.europesays.com\/de\/wp-json\/wp\/v2\/users\/2"}],"replies":[{"embeddable":true,"href":"https:\/\/www.europesays.com\/de\/wp-json\/wp\/v2\/comments?post=944303"}],"version-history":[{"count":0,"href":"https:\/\/www.europesays.com\/de\/wp-json\/wp\/v2\/posts\/944303\/revisions"}],"wp:featuredmedia":[{"embeddable":true,"href":"https:\/\/www.europesays.com\/de\/wp-json\/wp\/v2\/media\/944304"}],"wp:attachment":[{"href":"https:\/\/www.europesays.com\/de\/wp-json\/wp\/v2\/media?parent=944303"}],"wp:term":[{"taxonomy":"category","embeddable":true,"href":"https:\/\/www.europesays.com\/de\/wp-json\/wp\/v2\/categories?post=944303"},{"taxonomy":"post_tag","embeddable":true,"href":"https:\/\/www.europesays.com\/de\/wp-json\/wp\/v2\/tags?post=944303"}],"curies":[{"name":"wp","href":"https:\/\/api.w.org\/{rel}","templated":true}]}}