{"id":944445,"date":"2026-04-14T06:11:13","date_gmt":"2026-04-14T06:11:13","guid":{"rendered":"https:\/\/www.europesays.com\/de\/944445\/"},"modified":"2026-04-14T06:11:13","modified_gmt":"2026-04-14T06:11:13","slug":"rueckkehr-nach-muenchen-elyas-mbarek-entscheidet-sich-mit-ehefrau-fuer-wichtigen-schritt","status":"publish","type":"post","link":"https:\/\/www.europesays.com\/de\/944445\/","title":{"rendered":"R\u00fcckkehr nach M\u00fcnchen: Elyas M&#8217;Barek entscheidet sich mit Ehefrau f\u00fcr wichtigen Schritt"},"content":{"rendered":"<p>Als einer der bekanntesten Kino- und TV-Stars Deutschlands ist es f\u00fcr Elyas M&#8217;Barek schwierig, in der \u00d6ffentlichkeit inkognito zu bleiben. Daher hatte sich der Schauspieler 2023 dazu entschieden, seine Heimat <a href=\"https:\/\/www.abendzeitung-muenchen.de\/muenchen\/\" rel=\"nofollow noopener\" target=\"_blank\">M\u00fcnchen<\/a> zu verlassen und in die USA aufzubrechen. Doch nun steht eine R\u00fcckkehr im Raum. Was sind seine Pl\u00e4ne?<\/p>\n<p>R\u00fcckkehr nach M\u00fcnchen geplant: &#8222;Bin zu weit weg&#8220;<\/p>\n<p>Am vergangenen Wochenende (11. und 12. April) fand in Wiesbaden das Business-Festival &#8222;Founder Summit&#8220; statt. Mit dabei war auch Elyas M&#8217;Barek. Er verk\u00fcndete eine gro\u00dfe \u00dcberraschung: Der Schauspieler will New York wieder verlassen und sucht in M\u00fcnchen bereits eine Wohnung. &#8222;New York ist geil, aber extrem teuer&#8220;, zitiert &#8222;<a href=\"https:\/\/www.bild.de\/unterhaltung\/stars-und-leute\/elyas-mbarek-er-zieht-aus-new-york-weg-69dbc969f30b32a4822c2810\" target=\"_blank\" rel=\"noopener nofollow\" title=\"https:\/\/www.bild.de\/unterhaltung\/stars-und-leute\/elyas-mbarek-er-zieht-aus-new-york-weg-69dbc969f30b32a4822c2810\" class=\"ext_links\">Bild<\/a>&#8220; den erfolgreichen Filmstar.<\/p>\n<p>Die Kosten sollen allerdings nicht der Hauptgrund f\u00fcr einen transatlantischen Umzug sein. Das Leben des Schauspielers ist durch das Pendeln sehr viel herausfordernder geworden, wie er erkl\u00e4rte: &#8222;Dieses Reisen ist zu anstrengend. Ich bin zu weit weg und zu unflexibel.&#8220; Die Umsetzung neuer Projekte sei schwierig, da Elyas M&#8217;Barek \u2013 zumindest noch aktuell \u2013 so weit weg lebt.<\/p>\n<p>Kinostar Elyas M&#8217;Barek: Er ist schon in M\u00fcnchen gelandet<\/p>\n<p>Die Entscheidung f\u00fcr einen Umzug vor drei Jahren hatte der &#8222;Fack ju G\u00f6hte&#8220;-Star f\u00fcr seine Ehefrau Jessica, die er 2022 geheiratet hat, getroffen. &#8222;Das war eine sch\u00f6ne Sache. Meine Frau ist Amerikanerin, deswegen bin ich dahin gegangen. Aber wir haben gemerkt, dass es mein Leben zu kompliziert macht.&#8220; Daher arbeitet Elyas M&#8217;Barek nun kr\u00e4ftig an einer M\u00fcnchen-R\u00fcckkehr \u2013 und hat schon am Montag (13. April) einen Besichtigungstermin in der bayerischen Landeshauptstadt. Wie seiner Instagram-Story zu entnehmen ist, befindet sich der Schauspieler aktuell im feinen F\u00fcnf-Sterne-Hotel Rosewood in M\u00fcnchen.<\/p>\n<p>Ehefrau Jessica M&#8217;Barek will im Falle eines Umzugs ebenfalls in die Isarmetropole umsiedeln. Das Paar bringt auch ein kleines Familienmitglied mit: seinen Hund. Jessica und Elyas M&#8217;Barek haben 2025 einen Cavapoo, eine Mischung aus einem Cavalier King Charles Spaniel und einem Pudel, adoptiert. Vielleicht sieht man die drei bald gemeinsam durch den Englischen Garten spazieren.<\/p>\n","protected":false},"excerpt":{"rendered":"Als einer der bekanntesten Kino- und TV-Stars Deutschlands ist es f\u00fcr Elyas M&#8217;Barek schwierig, in der \u00d6ffentlichkeit inkognito&hellip;\n","protected":false},"author":2,"featured_media":944446,"comment_status":"","ping_status":"","sticky":false,"template":"","format":"standard","meta":{"footnotes":"","_share_on_mastodon":"0"},"categories":[1776],"tags":[1801,29,132688,214,30,1802,2045,215],"class_list":["post-944445","post","type-post","status-publish","format-standard","has-post-thumbnail","category-prominente","tag-celebrities","tag-deutschland","tag-elyas-m","tag-entertainment","tag-germany","tag-prominente","tag-promis","tag-unterhaltung"],"share_on_mastodon":{"url":"https:\/\/pubeurope.com\/@de\/116401581990310101","error":""},"_links":{"self":[{"href":"https:\/\/www.europesays.com\/de\/wp-json\/wp\/v2\/posts\/944445","targetHints":{"allow":["GET"]}}],"collection":[{"href":"https:\/\/www.europesays.com\/de\/wp-json\/wp\/v2\/posts"}],"about":[{"href":"https:\/\/www.europesays.com\/de\/wp-json\/wp\/v2\/types\/post"}],"author":[{"embeddable":true,"href":"https:\/\/www.europesays.com\/de\/wp-json\/wp\/v2\/users\/2"}],"replies":[{"embeddable":true,"href":"https:\/\/www.europesays.com\/de\/wp-json\/wp\/v2\/comments?post=944445"}],"version-history":[{"count":0,"href":"https:\/\/www.europesays.com\/de\/wp-json\/wp\/v2\/posts\/944445\/revisions"}],"wp:featuredmedia":[{"embeddable":true,"href":"https:\/\/www.europesays.com\/de\/wp-json\/wp\/v2\/media\/944446"}],"wp:attachment":[{"href":"https:\/\/www.europesays.com\/de\/wp-json\/wp\/v2\/media?parent=944445"}],"wp:term":[{"taxonomy":"category","embeddable":true,"href":"https:\/\/www.europesays.com\/de\/wp-json\/wp\/v2\/categories?post=944445"},{"taxonomy":"post_tag","embeddable":true,"href":"https:\/\/www.europesays.com\/de\/wp-json\/wp\/v2\/tags?post=944445"}],"curies":[{"name":"wp","href":"https:\/\/api.w.org\/{rel}","templated":true}]}}