{"id":944518,"date":"2026-04-14T06:53:20","date_gmt":"2026-04-14T06:53:20","guid":{"rendered":"https:\/\/www.europesays.com\/de\/944518\/"},"modified":"2026-04-14T06:53:20","modified_gmt":"2026-04-14T06:53:20","slug":"80-prozent-sagen-nein-zu-patenten-auf-saatgut-repraesentative-umfrage-in-fuenf","status":"publish","type":"post","link":"https:\/\/www.europesays.com\/de\/944518\/","title":{"rendered":"80 Prozent sagen NEIN zu Patenten auf Saatgut \/ Repr\u00e4sentative Umfrage in f\u00fcnf &#8230;"},"content":{"rendered":"<p class=\"date\">14.04.2026 \u2013 08:30<\/p>\n<p class=\"customer\">\n                        <a class=\"story-customer\" title=\"weiter zum newsroom von Keine Patente auf Saatgut!\" href=\"https:\/\/www.presseportal.de\/nr\/156268\" rel=\"nofollow noopener\" target=\"_blank\">Keine Patente auf Saatgut!<\/a>\n                    <\/p>\n<p><a class=\"glightbox event-trigger\" href=\"https:\/\/cache.pressmailing.net\/thumbnail\/story_hires\/55c0d9b2-bdef-4d9d-ae29-ebdf1e047458\/Umfrage%20Deutschland.jpg.jpg\" data-description=\"Umfrage zu Patenten auf Saatgut \/ Weiterer Text \u00fcber ots und www.presseportal.de\/nr\/156268 \/ Die Verwendung dieses Bildes f\u00fcr redaktionelle Zwecke ist unter Beachtung aller mitgeteilten Nutzungsbedingungen zul\u00e4ssig und dann auch honorarfrei. Ver\u00f6ffentlichung ausschlie\u00dflich mit Bildrechte-Hinweis.\" data-category=\"medialightbox\" data-action=\"click\" data-label=\"single\" data-value=\"69dddb38270000fd2c3ab083\" rel=\"nofollow noopener\" target=\"_blank\"><img decoding=\"async\" height=\"540\" with=\"720\" src=\"https:\/\/www.europesays.com\/de\/wp-content\/uploads\/2026\/04\/80-prozent-sagen-nein-zu-patenten-auf-saatgut-repr-sentative-umfrage-in-f-nf-eu-mitgliedstaaten.jpeg\"   alt=\"80 Prozent sagen NEIN zu Patenten auf Saatgut \/ Repr\u00e4sentative Umfrage in f\u00fcnf EU-Mitgliedstaaten\" class=\"single\"\/><\/a><\/p>\n<p><a data-category=\"citylink-story-view\" data-action=\"click\" data-label=\"Citylink in Meldungsansicht\" class=\"story-city event-trigger\" href=\"https:\/\/www.presseportal.de\/regional\/M%FCnchen\" title=\"News aus M\u00fcnchen \" rel=\"nofollow noopener\" target=\"_blank\">M\u00fcnchen<\/a> (ots)<\/p>\n<p><b>Heute ver\u00f6ffentlicht Keine Patente auf Saatgut! die Ergebnisse einer repr\u00e4sentativen Umfrage in f\u00fcnf EU-Mitgliedstaaten, Deutschland, Frankreich, Italien, den Niederlanden und Polen. Rund 80 Prozent der Befragten lehnen Patente auf Lebewesen auf Pflanzen ab. Mehr als 70 Prozent sprechen sich gegen Patente auf nat\u00fcrlich vorkommende Gene aus. Die gr\u00f6\u00dfte Ablehnung solcher Patente ist in Polen und Deutschland zu verzeichnen, gefolgt von Frankreich und Italien. <\/b><\/p>\n<p> Die Umfrage zeigt die h\u00f6chste Unterst\u00fctzung (mehr als 90 Prozent) f\u00fcr die Feststellung, dass Vielfalt in der Pflanzenz\u00fcchtung und der Lebensmittelproduktion entscheidend ist und dass bei Patenten auf gentechnisch ver\u00e4nderte Pflanzen und deren Marktzulassung der Schutz der Umwelt einen hohen Stellenwert haben muss. Die h\u00f6chsten Zustimmungen wurden hier in Polen und Italien verzeichnet, gefolgt von Deutschland und Frankreich. <\/p>\n<p> Nach der Auswertung durch das Meinungsforschungsinstitut Civey zeigt sich in allen f\u00fcnf L\u00e4ndern ein einheitliches Bild: Die \u00d6ffentlichkeit unterst\u00fctzt im Innovationen in der Pflanzenz\u00fcchtung, erwartet jedoch klare ethische Grenzen und hohe Schutzstandards. Patente auf nat\u00fcrliche Merkmale werden kritisch gesehen, w\u00e4hrend bei gentechnischen Entwicklungen ein besonders verantwortungsvoller Umgang gefordert wird. <\/p>\n<p> Ein Anlass f\u00fcr die Durchf\u00fchrung der repr\u00e4sentativen Umfrage sind bevorstehende Abstimmungen im EU Ministerrat und EU Parlament \u00fcber ein neues Gesetz, das Pflanzen aus Neuer Gentechnik (NGT) von den bestehenden Regeln f\u00fcr Risikopr\u00fcfung und Kennzeichnung ausnehmen w\u00fcrde. Gleichzeitig w\u00fcrde die Menge patentierten Saatguts drastisch zunehmen. Der Kompromisstext, \u00fcber den der Rat und das EU-Parlament demn\u00e4chst abstimmen, erlaubt die Patentierung aller NGT-Pflanzen, bis hin zu nat\u00fcrlicherweise vorkommenden Genen. Damit ist auch die klassische Pflanzenzucht stark betroffen. Die internationale Koalition Keine Patente auf Saatgut! fordert die EU auf, ihrer Verantwortung gerecht zu werden und Patente auf Pflanzen und Tiere wirksam zu verbieten. <\/p>\n<p> Weitere Informationen:  <a target=\"_blank\" class=\"uri-ext outbound\" rel=\"noopener nofollow\" href=\"https:\/\/www.no-patents-on-seeds.org\/en\/survey\">https:\/\/www.no-patents-on-seeds.org\/en\/survey<\/a><\/p>\n<p class=\"contact-headline\">Pressekontakt:<\/p>\n<p class=\"contact-text\">Christoph Then, Tel: 015154638040, <a href=\"https:\/\/www.presseportal.de\/pm\/156268\/mailto: info@no-patents-on-seeds.org\" class=\"uri-mailto\" rel=\"nofollow noopener\" target=\"_blank\"> info@no-patents-on-seeds.org<\/a><\/p>\n<p class=\"originator\">Original-Content von: Keine Patente auf Saatgut!, \u00fcbermittelt durch news aktuell<\/p>\n","protected":false},"excerpt":{"rendered":"14.04.2026 \u2013 08:30 Keine Patente auf Saatgut! M\u00fcnchen (ots) Heute ver\u00f6ffentlicht Keine Patente auf Saatgut! die Ergebnisse einer&hellip;\n","protected":false},"author":2,"featured_media":944519,"comment_status":"","ping_status":"","sticky":false,"template":"","format":"standard","meta":{"footnotes":"","_share_on_mastodon":"0"},"categories":[3933],"tags":[36814,331,332,3477,548,663,158,3934,3935,13,4615,14,15,178,180,179,181,39584,12,4649,18541],"class_list":["post-944518","post","type-post","status-publish","format-standard","has-post-thumbnail","category-eu","tag-agrar","tag-aktuelle-nachrichten","tag-aktuelle-news","tag-bild","tag-eu","tag-europa","tag-europaeische-union","tag-europe","tag-european-union","tag-headlines","tag-landwirtschaft","tag-nachrichten","tag-news","tag-presse","tag-pressemeldung","tag-pressemitteilung","tag-pressemitteilungen","tag-saatgut","tag-schlagzeilen","tag-umfrage","tag-wirtschaftsrecht"],"share_on_mastodon":{"url":"https:\/\/pubeurope.com\/@de\/116401747308150910","error":""},"_links":{"self":[{"href":"https:\/\/www.europesays.com\/de\/wp-json\/wp\/v2\/posts\/944518","targetHints":{"allow":["GET"]}}],"collection":[{"href":"https:\/\/www.europesays.com\/de\/wp-json\/wp\/v2\/posts"}],"about":[{"href":"https:\/\/www.europesays.com\/de\/wp-json\/wp\/v2\/types\/post"}],"author":[{"embeddable":true,"href":"https:\/\/www.europesays.com\/de\/wp-json\/wp\/v2\/users\/2"}],"replies":[{"embeddable":true,"href":"https:\/\/www.europesays.com\/de\/wp-json\/wp\/v2\/comments?post=944518"}],"version-history":[{"count":0,"href":"https:\/\/www.europesays.com\/de\/wp-json\/wp\/v2\/posts\/944518\/revisions"}],"wp:featuredmedia":[{"embeddable":true,"href":"https:\/\/www.europesays.com\/de\/wp-json\/wp\/v2\/media\/944519"}],"wp:attachment":[{"href":"https:\/\/www.europesays.com\/de\/wp-json\/wp\/v2\/media?parent=944518"}],"wp:term":[{"taxonomy":"category","embeddable":true,"href":"https:\/\/www.europesays.com\/de\/wp-json\/wp\/v2\/categories?post=944518"},{"taxonomy":"post_tag","embeddable":true,"href":"https:\/\/www.europesays.com\/de\/wp-json\/wp\/v2\/tags?post=944518"}],"curies":[{"name":"wp","href":"https:\/\/api.w.org\/{rel}","templated":true}]}}