{"id":944737,"date":"2026-04-14T08:57:17","date_gmt":"2026-04-14T08:57:17","guid":{"rendered":"https:\/\/www.europesays.com\/de\/944737\/"},"modified":"2026-04-14T08:57:17","modified_gmt":"2026-04-14T08:57:17","slug":"programmsuchlauf-notwendig-aenderung-bei-dab-fuer-ndr-info","status":"publish","type":"post","link":"https:\/\/www.europesays.com\/de\/944737\/","title":{"rendered":"Programmsuchlauf notwendig: \u00c4nderung bei DAB+ f\u00fcr NDR Info"},"content":{"rendered":"<p>        <img decoding=\"async\" src=\"https:\/\/www.europesays.com\/de\/wp-content\/uploads\/2026\/04\/dabplus226.webp.webp\" alt=\"DAB+\" title=\"Der NDR treibt die DAB+ Versorgung voran. Diesmal profitieren die Ostseeb\u00e4der Bansin, Heringsdorf und Ahlbeck. | NDR\/Ralf Plessmann, Ralf Plessmann\" class=\"responsive\"\/><\/p>\n<p>AUDIO: DAB+ Umstellung bei NDR Info: Neuer Suchlauf n\u00f6tig (5 Min)<\/p>\n<p>\n                Stand: 14.04.2026 06:55 Uhr<\/p>\n<p class=\"preface\">Ab heute (14. April 2026) gibt es \u00c4nderungen beim DAB+ Empfang f\u00fcr das H\u00f6rfunkprogramm von NDR Info. Damit Sie das Programm weiter ohne Probleme empfangen k\u00f6nnen, ist bei vielen Ger\u00e4ten ein Suchlauf erforderlich.<\/p>\n<p class=\"\">Heute \u00e4ndert der NDR die sogenannte Service-ID von NDR Info auf allen DAB+ Ger\u00e4ten. Diese technische Kennung sorgt daf\u00fcr, dass Radios den richtigen Sender finden. Durch die neue Kennung kann NDR Info mit DAB+ k\u00fcnftig stabiler und einfacher empfangen werden. Damit die \u00c4nderungen greifen, k\u00f6nnte ein Programmsuchlauf notwendig sein.<\/p>\n<p>    So gehen Sie vor<\/p>\n<ul>\n<li>Wenn Sie heute (14. April 2026) oder danach kein NDR Info mehr empfangen, f\u00fchren Sie bitte einen Programmsuchlauf an Ihrem DAB+ Radio durch.<\/li>\n<li>Speichern Sie NDR Info anschlie\u00dfend wieder auf Ihrer gew\u00fcnschten Programmtaste.<\/li>\n<li>In Autoradios wird NDR Info in der Regel automatisch wiedergefunden. Je nach Modell m\u00fcssen aber auch hier die Favoritentasten neu belegt werden.<\/li>\n<li>Sollten Sie NDR Info mit einem einfachen Suchlauf nicht wiederfinden, setzen Sie das Radio auf die Werkseinstellungen zur\u00fcck. Anschlie\u00dfend sollte es selbstst\u00e4ndig einen Programmsuchlauf durchf\u00fchren.<\/li>\n<\/ul>\n<p>    Das sind die Vorteile nach der \u00c4nderung<\/p>\n<ul>\n<li><strong>Zuverl\u00e4ssiger Empfang:<\/strong> Autoradios folgen NDR Info k\u00fcnftig automatisch, auch beim Wechsel \u00fcber Landesgrenzen hinweg &#8211; ohne Unterbrechungen oder manuelles Umschalten.<\/li>\n<li><strong>Klarere Programmliste:<\/strong> NDR Info erscheint k\u00fcnftig nur noch einmal im Display. Bislang wurden je nach Ger\u00e4t bis zu vier Varianten angezeigt.<\/li>\n<li><strong>Automatische Auswahl: <\/strong>Ihr Radio w\u00e4hlt k\u00fcnftig selbst\u00e4ndig die beste empfangbare Frequenz von NDR Info aus.<\/li>\n<\/ul>\n<p>    Was ist der Hintergrund der \u00c4nderung?<\/p>\n<p class=\"\">Bisher hatte sich NDR Info die Option offengehalten, \u00fcber DAB+ unterschiedliche regionale Versionen des Programms auszustrahlen &#8211; \u00e4hnlich wie bei NDR 2. Daf\u00fcr waren verschiedene technische Kennungen (Service-IDs) mit jeweils unterschiedlichen Programmnamen erforderlich.<\/p>\n<p class=\"\">Da NDR Info inzwischen deutschlandweit einheitlich gesendet wird, kann die Service-ID jetzt angepasst und an die UKW-Kennung angeglichen werden. Das verbessert die Programmverfolgung, vermeidet Empfangsl\u00fccken und sorgt f\u00fcr ein einheitlicheres H\u00f6rerlebnis.<\/p>\n<p class=\"\">Der NDR bittet um Verst\u00e4ndnis f\u00fcr die technische Umstellung. Weitere Informationen und aktuelle Empfangshinweise <a href=\"https:\/\/www.ndr.de\/der_ndr\/empfang_und_technik\" title=\"Technische Beratung\" rel=\"nofollow noopener\" target=\"_blank\">finden Sie hier auf ndr.de\/technik<\/a>.<\/p>\n<p>\n            <strong>Video:<\/strong><br \/>\n            Helgoland schaltet UKW-Signal teilweise ab (1 Min)\n        <\/p>\n<p>    Aus f\u00fcr den UKW-Radioempfang r\u00fcckt n\u00e4her<\/p>\n<p class=\"\">Nach und nach wird in den kommenden Jahren der Radioempfang \u00fcber UKW vom digitalen DAB+ Standard abgel\u00f6st. So sind zum Beispiel <a href=\"https:\/\/www.ndr.de\/nachrichten\/schleswig-holstein\/pinneberg_segeberg_stormarn\/helgoland-schaltet-ukw-signal-teilweise-ab,regionnorderstedtnews-2444.html\" title=\"Helgoland schaltet UKW-Signal teilweise ab\" rel=\"nofollow noopener\" target=\"_blank\">auf Helgoland seit Anfang April NDR Info, N-JOY und NDR Kultur nicht mehr \u00fcber UKW zu empfangen<\/a>.<\/p>\n<p class=\"\">In Nieb\u00fcll in Schleswig-Holstein ist bereits seit vergangenem Jahr N-JOY ausschlie\u00dflich digital zu empfangen. Im kommenden Jahr folgen die Regionen Garding und Husum. Und sp\u00e4testens bis 2031 sollen in Schleswig-Holstein alle NDR Radioprogramme nur noch auf digitalem Weg zu h\u00f6ren sein.<\/p>\n<p>    DAB+ bedeutet Radio mit Mehrwert<\/p>\n<p class=\"\">Die Vorteile <a href=\"https:\/\/www.dabplus.de\/radios\" title=\"Link zu DAB plus\" class=\"extlink-preface\" data-type=\"external\" rel=\"nofollow noopener\" target=\"_blank\">des terrestrischen Digitalradios DAB+<\/a> sind insgesamt vielf\u00e4ltig. Die NDR Radioprogramme sind zum Beispiel in besserer Tonqualit\u00e4t zu h\u00f6ren. Der Empfang ist rauschfrei und das Klangbild stabil und klar.<\/p>\n<p class=\"\">DAB+ bietet zudem digitale Zusatzdienste wie Songtitel, CD-Cover, Bilder der Moderatorinnen und Moderatoren, dazu die Schlagzeilen der aktuellen NDR Nachrichten sowie das Wetter. Voraussetzung daf\u00fcr ist ein Digital-Radioger\u00e4t mit entsprechendem Display.<\/p>\n<p class=\"\">DAB+ verbraucht bei der Ausstrahlung au\u00dferdem weniger Strom als UKW &#8211; und anders als beim Webradio ist kein Datenvolumen erforderlich. DAB+ ist, wie UKW, immer anonym und kostenfrei.<\/p>\n<p>    Einfache Bedienung der Ger\u00e4te<\/p>\n<p class=\"\">Die Bedienung ist f\u00fcr die H\u00f6rerinnen und H\u00f6rer denkbar einfach: Das digitale Empfangsger\u00e4t sucht automatisch nach Digitalradio-Programmen und listet diese auf. Es wird lediglich der Name des gew\u00fcnschten Programms ausgew\u00e4hlt. Mithilfe einfacher Men\u00fcs k\u00f6nnen die begleitenden Informationen zum laufenden Programm angezeigt werden.<\/p>\n<p class=\"\">Bereits heute gibt es eine Vielzahl an Empfangsger\u00e4ten, die neben UKW auch die Digitalradioprogramme empfangen k\u00f6nnen. F\u00fcr individuelle Fragen erreichen Interessierte <a href=\"https:\/\/www.ndr.de\/der_ndr\/empfang_und_technik\" title=\"Technische Beratung\" rel=\"nofollow noopener\" target=\"_blank\">den NDR jederzeit online<\/a> sowie an Werktagen zwischen 8 und 20 Uhr \u00fcber die kostenlose Service-Hotline (08000) 637099.<\/p>\n<p>        <img decoding=\"async\" src=\"https:\/\/www.europesays.com\/de\/wp-content\/uploads\/2026\/04\/dabradios100.webp.webp\" alt=\"verschiedene DAB+ Radios\" title=\"verschiedene DAB+ Radios | NDR, Moritz Kirscht, Patrick Joosten\" class=\"responsive\" loading=\"lazy\"\/><\/p>\n<p>In diesen Regionen k\u00f6nnen Sie sich im Jahr 2026 auf verbesserten Digitalradioempfang (DAB+) freuen.<\/p>\n","protected":false},"excerpt":{"rendered":"AUDIO: DAB+ Umstellung bei NDR Info: Neuer Suchlauf n\u00f6tig (5 Min) Stand: 14.04.2026 06:55 Uhr Ab heute (14.&hellip;\n","protected":false},"author":2,"featured_media":944738,"comment_status":"","ping_status":"","sticky":false,"template":"","format":"standard","meta":{"footnotes":"","_share_on_mastodon":"0"},"categories":[1772],"tags":[205889,2620,29,3010,214,30,1779,810,2621,215,5421],"class_list":["post-944737","post","type-post","status-publish","format-standard","has-post-thumbnail","category-musik","tag-dab-plus","tag-dab","tag-deutschland","tag-digitalradio","tag-entertainment","tag-germany","tag-music","tag-musik","tag-ukw","tag-unterhaltung","tag-wechsel"],"share_on_mastodon":{"url":"https:\/\/pubeurope.com\/@de\/116402234825774577","error":""},"_links":{"self":[{"href":"https:\/\/www.europesays.com\/de\/wp-json\/wp\/v2\/posts\/944737","targetHints":{"allow":["GET"]}}],"collection":[{"href":"https:\/\/www.europesays.com\/de\/wp-json\/wp\/v2\/posts"}],"about":[{"href":"https:\/\/www.europesays.com\/de\/wp-json\/wp\/v2\/types\/post"}],"author":[{"embeddable":true,"href":"https:\/\/www.europesays.com\/de\/wp-json\/wp\/v2\/users\/2"}],"replies":[{"embeddable":true,"href":"https:\/\/www.europesays.com\/de\/wp-json\/wp\/v2\/comments?post=944737"}],"version-history":[{"count":0,"href":"https:\/\/www.europesays.com\/de\/wp-json\/wp\/v2\/posts\/944737\/revisions"}],"wp:featuredmedia":[{"embeddable":true,"href":"https:\/\/www.europesays.com\/de\/wp-json\/wp\/v2\/media\/944738"}],"wp:attachment":[{"href":"https:\/\/www.europesays.com\/de\/wp-json\/wp\/v2\/media?parent=944737"}],"wp:term":[{"taxonomy":"category","embeddable":true,"href":"https:\/\/www.europesays.com\/de\/wp-json\/wp\/v2\/categories?post=944737"},{"taxonomy":"post_tag","embeddable":true,"href":"https:\/\/www.europesays.com\/de\/wp-json\/wp\/v2\/tags?post=944737"}],"curies":[{"name":"wp","href":"https:\/\/api.w.org\/{rel}","templated":true}]}}