{"id":944759,"date":"2026-04-14T09:14:23","date_gmt":"2026-04-14T09:14:23","guid":{"rendered":"https:\/\/www.europesays.com\/de\/944759\/"},"modified":"2026-04-14T09:14:23","modified_gmt":"2026-04-14T09:14:23","slug":"effiziente-und-abgezockte-eicheder-51-bei-inter-tuerkspor-kiel","status":"publish","type":"post","link":"https:\/\/www.europesays.com\/de\/944759\/","title":{"rendered":"Effiziente und abgezockte Eicheder 5:1 bei Inter T\u00fcrkspor Kiel"},"content":{"rendered":"<p>So., 12.04.2026, 16:00 Uhr  <\/p>\n<p>Auf dem Kunstrasenplatz am Hans-Mohr-Platz entwickelte sich im ersten Spielabschnitt ein Spiel, das die Tabellensituation phasenweise L\u00fcgen strafte. W\u00e4hrend Eichede als Favorit anreiste, k\u00e4mpfte Inter um jeden Zentimeter Boden, um einen dringend ben\u00f6tigten Bonuspunkt im Abstiegskampf zu ergattern.<\/p>\n<p>  Ein Blitztor und die Kieler Antwort  <\/p>\n<p>Die Partie begann f\u00fcr die Gastgeber denkbar ungl\u00fccklich. Ein folgenschwerer Fehlpass vor dem eigenen Strafraum lud Mika Meyer ein, der vor der Strafraumgrenze Ma\u00df nahm und sehenswert zur fr\u00fchen Eicheder F\u00fchrung (13.) traf. Doch wer dachte, der SVE w\u00fcrde nun das Spiel dominieren, sah sich get\u00e4uscht. Paradoxerweise tat der aufgrund der SVE-Dominanz verdiente 1:0-Treffer dem Spiel der G\u00e4ste nicht gut; sie wurden passiv und lie\u00dfen gro\u00dfe L\u00fccken zwischen den Mannschaftsteilen.<\/p>\n<p> <img decoding=\"async\" loading=\"lazy\" src=\"https:\/\/www.europesays.com\/de\/wp-content\/uploads\/2026\/04\/1776158058_301_960xauto.jpeg\" alt=\"Jens Wollesen (SV Eichede) schirmt den Ball gegen Moritz Haye (Inter T\u00fcrkspor Kiel) ab.\" title=\"Jens Wollesen (SV Eichede) schirmt den Ball gegen Moritz Haye (Inter T\u00fcrkspor Kiel) ab.\" width=\"960\" height=\"auto\" class=\"sc-wadapo-3 klmthQ\"\/>Jens Wollesen (SV Eichede) schirmt den Ball gegen Moritz Haye (Inter T\u00fcrkspor Kiel) ab. \u2013 Foto: Ismail Yesilyurt  <\/p>\n<p>\u201eIch glaube, so nach zehn Minuten hatten wir ein bisschen die Kontrolle verloren, weil wir nicht gut angelaufen sind\u201c, analysierte Eichede-Trainer Paul Kujawski, der aus diesem Grund seinen St\u00fcrmer Jens Wollesen aus diesem Grund noch vor der Pause aus dem Spiel nahm, nach dem Abpfiff kritisch. \u201eIch finde, Kiel war giftig, genau so wie du sein musst in dieser Situation. Sie haben uns gut laufen lassen und wir hatten zu wenig Zugriff.\u201c<\/p>\n<p>  Die Schl\u00fcsselszene vor der Pause  <\/p>\n<p>In der 43. Minute verzweifelten die Fans der Kieler: Inter-Akteur Okan Erkocu eroberte den Ball stark gegen einen Verteidiger und bediente Serkan Yildirimer. Der Kapit\u00e4n lief im Eins-gegen-eins auf SVE-Keeper Przemyslaw Szymura zu, doch der Schlussmann parierte gl\u00e4nzend. Es war die Riesenchance zum Ausgleich \u2013 und sie sollte sich r\u00e4chen.<\/p>\n<p><img decoding=\"async\" loading=\"lazy\" src=\"https:\/\/www.europesays.com\/de\/wp-content\/uploads\/2026\/04\/1776158060_40_960xauto.jpeg\" alt=\"Die Riesenchance f\u00fcr Serkan Yildirimer (Inter T\u00fcrkspor Kiel) zum 1-1. Doch Vladyslaw Shkuropatov (re., SV Eichede) hat wohl noch die Fu\u00dfspitze dazwischen. \" title=\"Die Riesenchance f\u00fcr Serkan Yildirimer (Inter T\u00fcrkspor Kiel) zum 1-1. Doch Vladyslaw Shkuropatov (re., SV Eichede) hat wohl noch die Fu\u00dfspitze dazwischen. \" width=\"960\" height=\"auto\" class=\"sc-wadapo-3 klmthQ\"\/>Die Riesenchance f\u00fcr Serkan Yildirimer (Inter T\u00fcrkspor Kiel) zum 1-1. Doch Vladyslaw Shkuropatov (re., SV Eichede) hat wohl noch die Fu\u00dfspitze dazwischen.  \u2013 Foto: Ismail Yesilyurt  <\/p>\n<p>Nur drei Minuten sp\u00e4ter, in der Nachspielzeit der ersten H\u00e4lfte, schlug Eichede eiskalt zu. Nach einem schnellen Umschaltspiel brachte Leon Tonder den Ball von links quer, und Mika Meyer frei vor L\u00fcdtke schn\u00fcrte per Doppelpack das 0:2 (45.+1). Kujawski gab ehrlich zu: \u201eDas war nat\u00fcrlich schon ziemlich fies. Ich w\u00fcrde nicht sagen, dass das 2:0 verdient war.\u201c<\/p>\n<p>  \u201eStecker gezogen\u201c nach dem Doppelschlag  <\/p>\n<p>Nach dem Seitenwechsel war der psychologische Vorteil endg\u00fcltig auf Seiten der G\u00e4ste. Mit der Souver\u00e4nit\u00e4t eines Spitzenteams kontrollierte Eichede nun das Geschehen. Ein Doppelschlag durch Lasse Berger (57.) und Silas Meyer (59.) zum 0:4 sorgte f\u00fcr die endg\u00fcltige Entscheidung. \u201eIch glaube, dass dann der Stecker beim 3:0 schon gezogen war\u201c, befand Kujawski.<\/p>\n<p>Tamo Clausen erh\u00f6hte in der 69. Minute gar auf 0:5, ehe Justin Petersen per Handelfmeter (81.) zumindest noch der Ehrentreffer gelang. Trotz der deutlichen Niederlage durfte Trainer Karim Youssef auf die Leistung des ersten Durchgangs stolz sein, auch wenn das Endergebnis deprimierend wirkte.<\/p>\n<p>  Qualit\u00e4t macht den Unterschied  <\/p>\n<p>Trotz der f\u00fcnf Gegentore wollte Youssef den Stab nicht \u00fcber seiner Mannschaft brechen. Im Gegenteil: Er sah Phasen, in denen sein Team dem Tabellenzweiten spielerisch die Stirn bot. \u201eIch bin nicht unzufrieden mit der Leistung meiner Mannschaft. \u00dcberhaupt nicht\u201c, betonte er. Man habe gesehen, dass man gegenhalten k\u00f6nne, doch in den entscheidenden Zonen des Spielfelds zeigten sich die Qualit\u00e4tsunterschiede. \u201eEs fehlt ein bisschen die Qualit\u00e4t vorne, diese Durchschlagskraft, um selbst Tore zu machen \u2013 und hinten, um sie zu verhindern.\u201c<\/p>\n<p><img decoding=\"async\" loading=\"lazy\" src=\"https:\/\/www.europesays.com\/de\/wp-content\/uploads\/2026\/04\/1776158061_304_960xauto.jpeg\" alt=\"Evgenij Bieche (SV Eichede), der n\u00e4chste Saison nicht mehr beim SVE aktiv ist, gegen Denzel Imas\u00fcn (re.) und Till B\u00f6rner (Inter T\u00fcrkspor Kiel).\" title=\"Evgenij Bieche (SV Eichede), der n\u00e4chste Saison nicht mehr beim SVE aktiv ist, gegen Denzel Imas\u00fcn (re.) und Till B\u00f6rner (Inter T\u00fcrkspor Kiel).\" width=\"960\" height=\"auto\" class=\"sc-wadapo-3 klmthQ\"\/>Evgenij Bieche (SV Eichede), der n\u00e4chste Saison nicht mehr beim SVE aktiv ist, gegen Denzel Imas\u00fcn (re.) und Till B\u00f6rner (Inter T\u00fcrkspor Kiel). \u2013 Foto: Ismail Yesilyurt  <\/p>\n<p>Am Ende blieb dem Kieler Trainer nur die Gratulation an den Gegner. Der SV Eichede bewies eindrucksvoll, warum er zur Elite der Oberliga geh\u00f6rt. W\u00e4hrend Inter T\u00fcrkspor f\u00fcr jeden Zentimeter Boden hart arbeiten musste, nutzten die G\u00e4ste kleinste Unachtsamkeiten klinisch aus.<\/p>\n<p>  Eichede abgezockt  <\/p>\n<p>\u201eGegen eine so abgezockte Mannschaft wie Eichede, die aus einem kleinen Fehler ein Tor macht \u2013 das zeichnet solche Teams aus\u201c, bilanzierte Youssef treffend. Das Fazit des Trainers fiel so ehrlich wie deprimierend aus: \u201eDeswegen stehen sie auch immer ganz oben und wir ganz unten.\u201c F\u00fcr Inter T\u00fcrkspor gilt es nun, die defensiven Wunden zu lecken und die spielerischen Ans\u00e4tze in den kommenden Wochen in dringend ben\u00f6tigte Punkte umzum\u00fcnzen.<\/p>\n<p>  Youssef plagen defensive Ausf\u00e4lle  <\/p>\n<p>Die Ausf\u00e4lle in der letzten Abwehrreihe k\u00f6nnten ein gro\u00dfes Hindernis f\u00fcr einen erfolgreichen Abstiegskampf werden. Gegen den SV Eiche de fielen die Gegentore zu einfach. Sicher ist, nicht alle Mannschaften haben die Klasse der Eichede, solche Defizite so zu verwerten. Pascal Polonski als einer der gro\u00dfen S\u00e4ulen, wird nicht mehr zum Einsatz kommen. Der Abwehrspieler zog sich bei <a href=\"https:\/\/youkick.de\/tueberragender-melih-cerrah-fuehrt-inter-nach-02-zum-32-gegen-oldenburger-sv\/\" target=\"_blank\" rel=\"noreferrer noopener nofollow\">seinem Torjubel beim 3:2-Sieg gegen den Oldenburger SV<\/a> eine Kreuzbandverletzung zu. Mit Moritz Haye, der in der 53. Minute ausgewechselt werden musste, verletzte sich ein weiterer Leistungstr\u00e4ger.<\/p>\n<p><img decoding=\"async\" loading=\"lazy\" src=\"https:\/\/www.europesays.com\/de\/wp-content\/uploads\/2026\/04\/1776158063_966_960xauto.jpeg\" alt=\"Moritz Haye (Inter T\u00fcrkspor Kiel) musste verletzt raus nach der Halbzeit.\" title=\"Moritz Haye (Inter T\u00fcrkspor Kiel) musste verletzt raus nach der Halbzeit.\" width=\"960\" height=\"auto\" class=\"sc-wadapo-3 klmthQ\"\/>Moritz Haye (Inter T\u00fcrkspor Kiel) musste verletzt raus nach der Halbzeit. \u2013 Foto: Ismail Yesilyurt  <\/p>\n<p>\u201eWir hatten von Anfang an Probleme, Polanski zu ersetzen\u201c, erkl\u00e4rte Youssef nach der Partie sichtlich bedr\u00fcckt. Das Ergebnis war ein ungewohnt holpriger Spielaufbau von hinten, der prompt zum fr\u00fchen R\u00fcckstand f\u00fchrte. Als zur zweiten Halbzeit auch noch haye verletzungsbedingt passen musste, brach das defensive Gef\u00fcge endg\u00fcltig auseinander. Youssef musste Mittelfeldspieler in die Abwehrzentrale beordern, die in dieser Konstellation noch nie zusammengespielt hatten. \u201eDa hat viel die Ordnung gefehlt\u201c, analysierte der Coach die Entstehung der Gegentreffer.<\/p>\n<p>  Kujawski blickt entspannt in die Zukunft  <\/p>\n<p>F\u00fcr Paul Kujawski, der Eichede am Saisonende verl\u00e4sst, war der Sieg ein weiterer Schritt in einer erfolgreichen Spielzeit. Angesprochen auf seine Zukunft nach \u00fcber 25 Jahren durchgehender Trainert\u00e4tigkeit, zeigte sich der Coach gelassen: \u201eIch lasse es auf mich zukommen. Mein Herz schl\u00e4gt f\u00fcr Fu\u00dfball, ich hab Bock, Trainer zu sein, aber mir tut auch eine Pause gut. Ich bin da sehr entspannt.\u201c<\/p>\n<p>Fazit: W\u00e4hrend Eichede seine Klasse untermauerte, bleibt f\u00fcr Inter T\u00fcrkspor die Erkenntnis, dass man auch mit den Gro\u00dfen der Liga mithalten kann mit kompletter Ausstattung.<\/p>\n<p class=\"has-text-align-center has-medium-font-size\">Stimmen zum Spiel<\/p>\n<p> <a href=\"https:\/\/youkick.de\/wp-content\/uploads\/2026\/04\/Paul-Kujawski-Trainer-SV-Eichede-bei-Inter-Tuerkspor-Kiel-20260412.mp3\" target=\"_blank\" rel=\"noopener nofollow\">Paul Kujawski (Trainer SV Eichede)<br \/><\/a> <a href=\"https:\/\/youkick.de\/wp-content\/uploads\/2026\/04\/Karim-Youssef-Trainer-Inter-Tuerkspor-Kiel-gegen-Eichede-20260412.mp3\" target=\"_blank\" rel=\"noopener nofollow\">Karim Youssef (Trainer Inter T\u00fcrkspor Kiel)<\/a>   <\/p>\n<p class=\"has-black-color has-cyan-bluish-gray-background-color has-text-color has-background has-link-color\">Inter T\u00fcrkspor Kiel: L\u00fcdtke \u2013 Sharba, Imas\u00fcn, Haye (53. Sercan Yildirimer), Volkers \u2013 B\u00f6rner \u2013 Petersen, Serkan Yildirimer (70. Adjamgba), Erkocu, Halili (70. Lovizio) \u2013 Cerrah (64. Baumgarn).<br \/>Trainer: Karim Youssef.<br \/>SV Eichede: Szymura \u2013 Ljuljic, Nishori, Shkuropatov, Clausen \u2013 Ehlers, Tonder \u2013 Mika Meyer (68. Giebler), Silas Meyer, Bieche (68. Steinfeldt) \u2013 Wollesen (41. Berger)<br \/>Trainer: Paul Kujawski.<br \/>SR: Torge Jensen (SV D\u00f6rpum) mit einer sehr angenehmen und starken Spielleitung \u2013 spricht die Sprache der Spieler.<br \/>Ass.: Jonas Petersen, S\u00f6nke Paulsen.<br \/>Z.: 136.<br \/>Tore: 0:1 Mika Meyer (13.), 0:2 Mika Meyer (45.+1), 0:3 Lasse Berger (57.), 0:4 Silas Meyer (59.), 0:5 Tamo Clausen (69.), 1:5 Justin Petersen (81., HE).<\/p>\n","protected":false},"excerpt":{"rendered":"So., 12.04.2026, 16:00 Uhr Auf dem Kunstrasenplatz am Hans-Mohr-Platz entwickelte sich im ersten Spielabschnitt ein Spiel, das die&hellip;\n","protected":false},"author":2,"featured_media":944760,"comment_status":"","ping_status":"","sticky":false,"template":"","format":"standard","meta":{"footnotes":"","_share_on_mastodon":"0"},"categories":[1852],"tags":[3364,29,548,663,3934,30,13,132042,4949,14,15,109408,12,1971,132046],"class_list":["post-944759","post","type-post","status-publish","format-standard","has-post-thumbnail","category-kiel","tag-de","tag-deutschland","tag-eu","tag-europa","tag-europe","tag-germany","tag-headlines","tag-inter-tuerkspor-kiel","tag-kiel","tag-nachrichten","tag-news","tag-oberliga-schleswig-holstein","tag-schlagzeilen","tag-schleswig-holstein","tag-sv-eichede"],"share_on_mastodon":{"url":"https:\/\/pubeurope.com\/@de\/116402301945744391","error":""},"_links":{"self":[{"href":"https:\/\/www.europesays.com\/de\/wp-json\/wp\/v2\/posts\/944759","targetHints":{"allow":["GET"]}}],"collection":[{"href":"https:\/\/www.europesays.com\/de\/wp-json\/wp\/v2\/posts"}],"about":[{"href":"https:\/\/www.europesays.com\/de\/wp-json\/wp\/v2\/types\/post"}],"author":[{"embeddable":true,"href":"https:\/\/www.europesays.com\/de\/wp-json\/wp\/v2\/users\/2"}],"replies":[{"embeddable":true,"href":"https:\/\/www.europesays.com\/de\/wp-json\/wp\/v2\/comments?post=944759"}],"version-history":[{"count":0,"href":"https:\/\/www.europesays.com\/de\/wp-json\/wp\/v2\/posts\/944759\/revisions"}],"wp:featuredmedia":[{"embeddable":true,"href":"https:\/\/www.europesays.com\/de\/wp-json\/wp\/v2\/media\/944760"}],"wp:attachment":[{"href":"https:\/\/www.europesays.com\/de\/wp-json\/wp\/v2\/media?parent=944759"}],"wp:term":[{"taxonomy":"category","embeddable":true,"href":"https:\/\/www.europesays.com\/de\/wp-json\/wp\/v2\/categories?post=944759"},{"taxonomy":"post_tag","embeddable":true,"href":"https:\/\/www.europesays.com\/de\/wp-json\/wp\/v2\/tags?post=944759"}],"curies":[{"name":"wp","href":"https:\/\/api.w.org\/{rel}","templated":true}]}}