{"id":944894,"date":"2026-04-14T10:30:19","date_gmt":"2026-04-14T10:30:19","guid":{"rendered":"https:\/\/www.europesays.com\/de\/944894\/"},"modified":"2026-04-14T10:30:19","modified_gmt":"2026-04-14T10:30:19","slug":"mission-saubere-hauptstadt-touristen-sollen-den-muell-in-berlin-aufsammeln-politik","status":"publish","type":"post","link":"https:\/\/www.europesays.com\/de\/944894\/","title":{"rendered":"Mission saubere Hauptstadt: Touristen sollen den M\u00fcll in Berlin aufsammeln | Politik"},"content":{"rendered":"<p><a class=\"skip-content skip-content--link\" href=\"#in-content-skip-link-target-v-0-0\">TTS-Player \u00fcberspringen\u21b5<\/a><a id=\"in-content-skip-link-target-v-0-0\" class=\"skip-content--target-link-hidden skip-content skip-content--target-link\" href=\"#in-content-skip-link-target-v-0-0\">Artikel weiterlesen<\/a><\/p>\n<p>Berlin \u2013 <b>Die M\u00fcllhauptstadt Berlin sammelt Ideen gegen die vielen \u00e4rgerlichen Dreckecken. Die neueste: Im Sommer sollen Touristen Abf\u00e4lle aus der Spree fischen und daf\u00fcr mit Gutscheinen belohnt werden. Die G\u00e4ste k\u00f6nnen sparen, die Stadt wird sauberer \u2013 so der Gedanke.<\/b><\/p>\n<p>Noch vor Pfingsten soll das Tourismuskonzept \u201eBerlinPay\u201c vorgestellt werden: \u201eWir wollen uns ein Beispiel am sehr sauberen Kopenhagen nehmen\u201c, sagt Berlins Wirtschaftssenatorin Franziska Giffey (47, SPD). \u00c4hnlich wie beim d\u00e4nischen \u201e<a href=\"https:\/\/www.bild.de\/themen\/orte\/kopenhagen\/nachrichten-news-fotos-videos-17246590.bild.html\" class=\"text-link\" rel=\"nofollow noopener\" target=\"_blank\">CopenPay<\/a>\u201c werden derzeit Kooperationspartner f\u00fcr Putz-Urlaub an und auf Berliner Gew\u00e4ssern gesucht. (D\u00e4nemark lockt die flei\u00dfigen Touristen mit Gratis-Eintritt, F\u00fchrungen, einem Cocktail oder Kaffee.)<\/p>\n<p>Zudem plant Berlin einen \u201eEinstellungs-Turbo\u201c f\u00fcr M\u00fcllsheriffs. Diskutiert wird auch eine Verpackungssteuer, die das benachbarte Potsdam bereits im Juli f\u00fcr rund 650 Gastrobetriebe einf\u00fchrt (z.B. 50 Cent je To-Go-Becher, 20 Cent f\u00fcr Besteck).<\/p>\n<p>\u201eWer seinen M\u00fcll einfach auf die Stra\u00dfe wirft, wirft auch ein St\u00fcck Respekt vor unserer Stadt weg. Und das geht nicht\u201c, beklagt die Wirtschaftssenatorin das M\u00fcllproblem. Die Stadtreinigung BSR musste 2025 allein 13 Millionen Euro f\u00fcr die Entsorgung illegal abgelagerter Abf\u00e4lle ausgeben.<\/p>\n<p>Bu\u00dfgelder stark erh\u00f6ht<\/p>\n<p>Der erste Konter des CDU\/SPD-Senats: M\u00fclls\u00fcnder werden seit Ende letzten Jahres mit h\u00f6heren <a href=\"https:\/\/www.bild.de\/regional\/berlin\/berlin-bis-zu-1500-euro-bussgeld-fuer-zu-verschenken-kisten-68a4846e9886663123aa29e4\" class=\"text-link\" rel=\"nofollow noopener\" target=\"_blank\">Bu\u00dfgeldern<\/a> bestraft. So kostet etwa ein weggeworfener Einwegbecher 250 Euro (vorher 55), beim Gassigehen nicht entsorgter Hundekot ab 80 Euro (55).<\/p>\n<p>\u201eWenn wir es hinbekommen, dass Berlin wieder sauberer und lebenswerter wird, dann wird das auch international wahrgenommen und sicherlich auch wieder den einen oder anderen noch st\u00e4rker nach Berlin ziehen\u201c, sagte Kai Wegner (53, CDU) zu BILD.<\/p>\n<p>Neue M\u00fcll-Sheriffs<\/p>\n<p>Der Regierende B\u00fcrgermeister war Montag bei einer besonderen Anti-M\u00fcll-Truppe in Neuk\u00f6lln. In dem Bezirk gibt es 13 M\u00fcll-Hotspots mit Bauabf\u00e4llen, Matratzen, Elektroger\u00e4ten, die t\u00e4glich von der zweik\u00f6pfigen SoKo kontrolliert werden. <\/p>\n<p>Am Gehweg der Gradestra\u00dfe, nur 200 Meter von einem Recyclinghof mit Gratisentsorgung entfernt, liegen heute die \u00dcberreste einer Kinderzimmer-Renovierung inklusive M\u00e4rchenbuch \u201eEs war einmal\u201c. Warum so etwas passiert? Vielleicht war die Warteschlange zu lang oder der Betrieb geschlossen. Die Fahnder werden in dem Haufen nach Hinweisen auf die \u00dcbelt\u00e4ter suchen. Sie legen sich auch im Dunkeln mit Nachtsichtger\u00e4ten auf die Lauer.<\/p>\n<p><img decoding=\"async\" width=\"992\" height=\"558\" alt=\"M\u00fcllfahnder Bronko (46, r.) zeigt Kai Wegner (CDU) ausrangierte K\u00fcchenger\u00e4te am Neuk\u00f6llner Stra\u00dfenrand. Um die T\u00e4ter zu finden, haben die M\u00fcll-Profis schon gecheckt, ob in der N\u00e4he eine Kantine geschlossen wurde\" src=\"https:\/\/www.europesays.com\/de\/wp-content\/uploads\/2026\/04\/a0e79747cb0f47cd50fbcefa7822de47,32cf861.jpeg\"   class=\"landscape\" loading=\"lazy\"\/><\/p>\n<p class=\"fig__caption__text\">M\u00fcllfahnder Bronko (46, r.) zeigt Kai Wegner (CDU) ausrangierte K\u00fcchenger\u00e4te am Stra\u00dfenrand<\/p>\n<p>Foto: David Heerde<\/p>\n<p>Alle zw\u00f6lf Hauptstadt-Bezirke stocken in den kommenden Wochen auf insgesamt 68 M\u00fcll-Sheriffs auf, die eher kleinere Delikte wie Kippen und T\u00fcten ahnden. Dabei brauchen sie gute Nerven: Sie d\u00fcrfen erst eingreifen, wenn sich die M\u00fclls\u00fcnder entfernt haben \u2013 sonst h\u00e4lt das Bu\u00dfgeld vor Gericht nicht stand.<\/p>\n<p>Kommt die Verpackungssteuer?<\/p>\n<p>Ob Berlin au\u00dferdem mit einer <a href=\"https:\/\/www.bild.de\/news\/inland\/verpackungssteuer-in-diesen-staedten-sollen-kaffee-und-fritten-bald-mehr-kosten-67ab2e7dee834d1ff67635ac\" class=\"text-link\" rel=\"nofollow noopener\" target=\"_blank\">Verpackungssteuer <\/a>den Vorreitern T\u00fcbingen, Freiburg und demn\u00e4chst auch Potsdam folgt, ist umstritten. In Wahlprogrammen haben Gr\u00fcne und SPD sie nach der Berlin-Wahl (20. September) auf dem Zettel. Und der Rat der Bezirksb\u00fcrgermeister pocht beim Senat darauf. Die Rede ist von 20 bis 30 Millionen Euro zus\u00e4tzlicher Einnahmen.<\/p>\n<p><img decoding=\"async\" width=\"992\" height=\"558\" alt=\"Coffee to go in Wegwerfbechern soll in Potsdam ab Juli 50 Cent Verpackungssteuer kosten\" src=\"https:\/\/www.europesays.com\/de\/wp-content\/uploads\/2026\/04\/967074f6b5f48ea3258f5beca1455ddd,70e2de1c.jpeg\"   class=\"landscape\" loading=\"lazy\"\/><\/p>\n<p class=\"fig__caption__text\">Coffee-to-go in Wegwerfbechern soll in Potsdam ab Juli 50 Cent Verpackungssteuer kosten<\/p>\n<p>Foto: picture alliance\/imageBROKER<\/p>\n<p>Berlins IHK-Gesch\u00e4ftsf\u00fchrerin Manja Schreiner (47) warnt dagegen: \u201eSchon jetzt fallen im Gastgewerbe pro Woche rund 14 Stunden B\u00fcrokratie an, um bis zu 125 Vorgaben zu erf\u00fcllen. Und dass die Verpackungssteuer wirkt, konnte bislang in den St\u00e4dten mit entsprechender Steuer nicht nachgewiesen werden. Attraktivere Pfand- und Mehrwegsysteme sind vielversprechender als die n\u00e4chste Steuer.\u201c<\/p>\n","protected":false},"excerpt":{"rendered":"TTS-Player \u00fcberspringen\u21b5Artikel weiterlesen Berlin \u2013 Die M\u00fcllhauptstadt Berlin sammelt Ideen gegen die vielen \u00e4rgerlichen Dreckecken. Die neueste: Im&hellip;\n","protected":false},"author":2,"featured_media":944895,"comment_status":"","ping_status":"","sticky":false,"template":"","format":"standard","meta":{"footnotes":"","_share_on_mastodon":"0"},"categories":[2],"tags":[296,29,40802,30,13,2914,4103,14,15,12,45,10,8,9,11,34495,72535],"class_list":["post-944894","post","type-post","status-publish","format-standard","has-post-thumbnail","category-deutschland","tag-berlin","tag-deutschland","tag-geldbussen","tag-germany","tag-headlines","tag-kopenhagen","tag-muell","tag-nachrichten","tag-news","tag-schlagzeilen","tag-texttospeech","tag-top-news","tag-top-meldungen","tag-topmeldungen","tag-topnews","tag-tourist","tag-wegner-kai"],"share_on_mastodon":{"url":"https:\/\/pubeurope.com\/@de\/116402600781408084","error":""},"_links":{"self":[{"href":"https:\/\/www.europesays.com\/de\/wp-json\/wp\/v2\/posts\/944894","targetHints":{"allow":["GET"]}}],"collection":[{"href":"https:\/\/www.europesays.com\/de\/wp-json\/wp\/v2\/posts"}],"about":[{"href":"https:\/\/www.europesays.com\/de\/wp-json\/wp\/v2\/types\/post"}],"author":[{"embeddable":true,"href":"https:\/\/www.europesays.com\/de\/wp-json\/wp\/v2\/users\/2"}],"replies":[{"embeddable":true,"href":"https:\/\/www.europesays.com\/de\/wp-json\/wp\/v2\/comments?post=944894"}],"version-history":[{"count":0,"href":"https:\/\/www.europesays.com\/de\/wp-json\/wp\/v2\/posts\/944894\/revisions"}],"wp:featuredmedia":[{"embeddable":true,"href":"https:\/\/www.europesays.com\/de\/wp-json\/wp\/v2\/media\/944895"}],"wp:attachment":[{"href":"https:\/\/www.europesays.com\/de\/wp-json\/wp\/v2\/media?parent=944894"}],"wp:term":[{"taxonomy":"category","embeddable":true,"href":"https:\/\/www.europesays.com\/de\/wp-json\/wp\/v2\/categories?post=944894"},{"taxonomy":"post_tag","embeddable":true,"href":"https:\/\/www.europesays.com\/de\/wp-json\/wp\/v2\/tags?post=944894"}],"curies":[{"name":"wp","href":"https:\/\/api.w.org\/{rel}","templated":true}]}}