{"id":945030,"date":"2026-04-14T11:48:15","date_gmt":"2026-04-14T11:48:15","guid":{"rendered":"https:\/\/www.europesays.com\/de\/945030\/"},"modified":"2026-04-14T11:48:15","modified_gmt":"2026-04-14T11:48:15","slug":"collien-fernandes-spanisches-gericht-erklaert-sich-im-fall-ulmen-fuer-nicht-zustaendig","status":"publish","type":"post","link":"https:\/\/www.europesays.com\/de\/945030\/","title":{"rendered":"Collien Fernandes: Spanisches Gericht erkl\u00e4rt sich im Fall Ulmen f\u00fcr nicht zust\u00e4ndig"},"content":{"rendered":"<p class=\"paragraph article__item\">Der Oberste Gerichtshof der Balearen will die Ermittlungen zu einer Anzeige der Schauspielerin <a class=\"rtr-entity\" href=\"https:\/\/www.zeit.de\/thema\/collien-fernandes\" rel=\"nofollow noopener\" target=\"_blank\">Collien Fernandes<\/a> gegen ihren Ex-Mann Christian Ulmen nach Deutschland abgeben. Die zust\u00e4ndige Richterin habe einen Beschluss erlassen, in dem sie die fehlende Zust\u00e4ndigkeit der spanischen Gerichte festgestellt habe, teilte eine Sprecherin des Gerichts in Palma der ZEIT mit. Die Entscheidung ist demnach nicht rechtskr\u00e4ftig und kann noch angefochten werden.\n<\/p>\n<p class=\"paragraph article__item\">Die Richterin habe angeordnet, das Verfahren und alle Akten an die Staatsanwaltschaft in <a class=\"rtr-entity\" href=\"https:\/\/www.zeit.de\/thema\/itzehoe\" rel=\"nofollow noopener\" target=\"_blank\">Itzehoe<\/a> in Schleswig-Holstein abzugeben, teilte die Sprecherin weiter mit. Laut dem Beschluss ist die Verbindung des Falls zu Deutschland offensichtlich, &#8222;wodurch die deutsche Gerichtsbarkeit in eine bevorzugte Position versetzt wird, um die bereits eingeleiteten Ermittlungen fortzuf\u00fchren&#8220;, schrieb sie.\n<\/p>\n<p class=\"paragraph article__item\">Zur Begr\u00fcndung teilte die Richterin demnach mit, dass &#8222;die wesentlichen Tatsachen, die zur Anzeige gef\u00fchrt haben, mutma\u00dflich auf deutschem Staatsgebiet begangen wurden oder \u00fcber digitale Plattformen, die auf Deutsch ver\u00f6ffentlichen&#8220;. Die benannten Zeugen seien deutsche Staatsangeh\u00f6rige mit Wohnsitz in Deutschland und spr\u00e4chen Deutsch. Hinsichtlich der Vorw\u00fcrfe der Offenlegung von Geheimnissen und &#8222;des angeblichen Deepfakes&#8220; durch Fernandes f\u00fchrte die Richterin aus, dass hier  &#8222;die Hauptwirkungen ebenfalls in Deutschland eingetreten sein d\u00fcrften&#8220;.\n<\/p>\n<p class=\"paragraph article__item\"><a href=\"https:\/\/www.zeit.de\/politik\/deutschland\/2026-03\/sexualisierte-gewalt-caren-miosga-collien-fernandes\" rel=\"nofollow noopener\" target=\"_blank\">Fernandes<\/a> hatte <a class=\"rtr-entity\" href=\"https:\/\/www.zeit.de\/thema\/christian-ulmen\" rel=\"nofollow noopener\" target=\"_blank\">Ulmen<\/a> nach Angaben des Gerichts Ende vergangenen Jahres auf Mallorca angezeigt. Laut der Anzeige wirft sie ihm unter anderem Identit\u00e4tsdiebstahl, Geheimnisverrat, \u00f6ffentliche Verleumdung, wiederholte Misshandlung und schwere Bedrohung vor.\n<\/p>\n<p>        Ulmens Anwalt geht gegen &#8222;Spiegel&#8220; vor        <\/p>\n<p class=\"paragraph article__item\">Der Fall war am 21. M\u00e4rz durch eine <a href=\"https:\/\/www.spiegel.de\/netzwelt\/netzpolitik\/collien-fernandes-erstattet-anzeige-gegen-ex-mann-christian-ulmen-a-6abfb991-1665-4469-9c8e-3cc5a2cb4f29\" target=\"_blank\" rel=\"nofollow noopener\">Recherche des Spiegel<\/a> bekannt geworden und hatte eine <a href=\"https:\/\/www.zeit.de\/gesellschaft\/zeitgeschehen\/2026-03\/collien-fernandes-muenchen-protest-sexualisierte-gewalt\" rel=\"nofollow noopener\" target=\"_blank\">breite gesellschaftliche Debatte<\/a> \u00fcber sexualisierte Gewalt an Frauen ausgel\u00f6st. Die Moderatorin und Schauspielerin hat ihrem Ex-Mann unter anderem vorgeworfen, <a href=\"https:\/\/www.zeit.de\/gesellschaft\/zeitgeschehen\/2026-03\/collien-fernandes-christian-ulmen-anzeige-vorwuerfe\" target=\"_blank\" rel=\"nofollow noopener\">unter ihrem Namen jahrelang Fakeprofile auf verschiedenen Onlineplattformen erstellt<\/a> zu haben. \u00dcber diese Profile sollen M\u00e4nner aus dem beruflichen Umfeld der Schauspielerin kontaktiert worden sein und h\u00e4tten unter anderem Nacktfotos und Sexvideos geschickt bekommen, die Fernandes zeigen sollen. Auf Instagram schrieb Fernandes, als sie eine Anzeige gegen unbekannt erstattet habe, habe Ulmen ihr gestanden, f\u00fcr die Taten verantwortlich zu sein.\n<\/p>\n<p>                            \u00a9\u00a0Lea Dohle<\/p>\n<p>\n                                        Newsletter<br \/>\n                                        Was jetzt? \u2013 Der t\u00e4gliche Morgen\u00fcberblick<\/p>\n<p class=\"newsletter-signup__text\">Starten Sie mit unserem kurzen Nachrichten-Newsletter in den Tag. Erhalten Sie zudem freitags das digitale Magazin ZEIT am Wochenende.<\/p>\n<p class=\"newsletter-signup__datapolicy\" hidden=\"\">\n            Mit Ihrer Registrierung nehmen Sie die <a href=\"https:\/\/datenschutz.zeit.de\/zon#Newsletter\" target=\"_blank\" rel=\"nofollow noopener\">Datenschutzerkl\u00e4rung<\/a> zur Kenntnis.\n        <\/p>\n<p>    Vielen Dank! Wir haben Ihnen eine E-Mail geschickt.<\/p>\n<p>Pr\u00fcfen Sie Ihr Postfach und best\u00e4tigen Sie das Newsletter-Abonnement.<\/p>\n<p class=\"paragraph article__item\">Ulmens Anwalt hat die Vorw\u00fcrfe direkt nach Bekanntwerden als &#8222;einseitige Darstellung falscher Tatsachen&#8220; bezeichnet und rechtliche Schritte gegen den Spiegel angek\u00fcndigt. Am 1. April teilte das Landgericht Hamburg mit, Ulmens Anwalt Christian Schertz habe einen <a href=\"https:\/\/www.zeit.de\/gesellschaft\/zeitgeschehen\/2026-04\/christian-ulmen-einstweilige-verfuegung-spiegel-collien-fernandes-deepfakechristian-ulmen-einstweilige-verfuegung-spiegel-collien-fernandes-deepfake\" target=\"_blank\" rel=\"nofollow noopener\">Antrag auf einstweilige Verf\u00fcgung<\/a> gegen den Verlag des Magazins eingereicht.\n<\/p>\n<p>Mehr zum Thema<\/p>\n<p>            Collien Fernandes        <\/p>\n<p>                <a href=\"https:\/\/www.zeit.de\/zeit-magazin\/leben\/2026-04\/christian-ulmen-serie-drehbuch-the-au-pair\" data-ct-label=\"Christian Ulmen: Ein Protagonist postet Bilder seiner Freundin. In Sex-Chatgruppen\" data-uuid=\"a8219e9a-cebe-42dc-8d28-28429c552537\" rel=\"nofollow noopener\" target=\"_blank\"><\/p>\n<p>        Z+ (abopflichtiger Inhalt);<\/p>\n<p>    Christian Ulmen:<br \/>\n                        Ein Protagonist postet Bilder seiner Freundin. In Sex-Chatgruppen<\/p>\n<p>                <\/a><\/p>\n<p>                <a href=\"https:\/\/www.zeit.de\/digital\/internet\/2026-03\/digitale-gewalt-spanien-strafrecht-deepfakes-collien-fernandes\" data-ct-label=\"Strafbarkeit bei digitaler Gewalt: Was das spanische Strafrecht wirklich zu digitaler Gewalt sagt\" data-uuid=\"aca283b7-8a1b-4d4a-8ea8-a401ea31ca34\" rel=\"nofollow noopener\" target=\"_blank\"><\/p>\n<p>                        Strafbarkeit bei digitaler Gewalt:<br \/>\n                        Was das spanische Strafrecht wirklich zu digitaler Gewalt sagt<\/p>\n<p>                <\/a><\/p>\n<p>                <a href=\"https:\/\/www.zeit.de\/gesundheit\/2026-03\/sexuelle-gewalt-beziehungen-maenner-psychologie-judith-iffland\" data-ct-label=\"Sexuelle Gewalt in Beziehungen: &quot;Sie glauben: Weil sie ein Mann sind, haben sie das Recht darauf&quot;\" data-uuid=\"eaabac8c-6ec6-443b-84c4-e3554c1220f3\" rel=\"nofollow noopener\" target=\"_blank\"><\/p>\n<p>        Z+ (abopflichtiger Inhalt);<\/p>\n<p>    Sexuelle Gewalt in Beziehungen:<br \/>\n                        &#8222;Sie glauben: Weil sie ein Mann sind, haben sie das Recht darauf&#8220;<\/p>\n<p>                <\/a><\/p>\n<p class=\"paragraph article__item\">Fernandes hatte bereits Ende 2024 in Berlin wegen eines Fake-Profils <a href=\"https:\/\/www.zdfheute.de\/panorama\/ulmen-fernandes-ermittlungen-itzehoe-anzeige-100.html\" target=\"_blank\" rel=\"nofollow noopener\">Anzeige gegen unbekannt erstattet<\/a>. Die Ermittlungen wurden an die Staatsanwaltschaft Itzehoe abgegeben, die sie jedoch einstellte. Ende M\u00e4rz 2026 teilte die Beh\u00f6rde mit, dass sie <a href=\"https:\/\/www.zeit.de\/gesellschaft\/zeitgeschehen\/2026-03\/digitale-gewalt-collin-fernandes-ermittlungen-itzehoe-gxe\" target=\"_blank\" rel=\"nofollow noopener\">die Ermittlungen unter anderem wegen des Vorwurfs der Nachstellung nach Pr\u00fcfung der Medienver\u00f6ffentlichungen wieder aufnehme<\/a>.<\/p>\n","protected":false},"excerpt":{"rendered":"Der Oberste Gerichtshof der Balearen will die Ermittlungen zu einer Anzeige der Schauspielerin Collien Fernandes gegen ihren Ex-Mann&hellip;\n","protected":false},"author":2,"featured_media":945031,"comment_status":"","ping_status":"","sticky":false,"template":"","format":"standard","meta":{"footnotes":"","_share_on_mastodon":"0"},"categories":[155],"tags":[7237,964,107877,107876,29,214,30,1724,17106,474,58081,1971,1997,215,2021],"class_list":["post-945030","post","type-post","status-publish","format-standard","has-post-thumbnail","category-unterhaltung","tag-anzeige","tag-balearen","tag-christian-ulmen","tag-collien-fernandes","tag-deutschland","tag-entertainment","tag-germany","tag-gesellschaft","tag-itzehoe","tag-mallorca","tag-palma","tag-schleswig-holstein","tag-staatsanwaltschaft","tag-unterhaltung","tag-zeit"],"share_on_mastodon":{"url":"https:\/\/pubeurope.com\/@de\/116402907174070697","error":""},"_links":{"self":[{"href":"https:\/\/www.europesays.com\/de\/wp-json\/wp\/v2\/posts\/945030","targetHints":{"allow":["GET"]}}],"collection":[{"href":"https:\/\/www.europesays.com\/de\/wp-json\/wp\/v2\/posts"}],"about":[{"href":"https:\/\/www.europesays.com\/de\/wp-json\/wp\/v2\/types\/post"}],"author":[{"embeddable":true,"href":"https:\/\/www.europesays.com\/de\/wp-json\/wp\/v2\/users\/2"}],"replies":[{"embeddable":true,"href":"https:\/\/www.europesays.com\/de\/wp-json\/wp\/v2\/comments?post=945030"}],"version-history":[{"count":0,"href":"https:\/\/www.europesays.com\/de\/wp-json\/wp\/v2\/posts\/945030\/revisions"}],"wp:featuredmedia":[{"embeddable":true,"href":"https:\/\/www.europesays.com\/de\/wp-json\/wp\/v2\/media\/945031"}],"wp:attachment":[{"href":"https:\/\/www.europesays.com\/de\/wp-json\/wp\/v2\/media?parent=945030"}],"wp:term":[{"taxonomy":"category","embeddable":true,"href":"https:\/\/www.europesays.com\/de\/wp-json\/wp\/v2\/categories?post=945030"},{"taxonomy":"post_tag","embeddable":true,"href":"https:\/\/www.europesays.com\/de\/wp-json\/wp\/v2\/tags?post=945030"}],"curies":[{"name":"wp","href":"https:\/\/api.w.org\/{rel}","templated":true}]}}