{"id":945040,"date":"2026-04-14T11:53:19","date_gmt":"2026-04-14T11:53:19","guid":{"rendered":"https:\/\/www.europesays.com\/de\/945040\/"},"modified":"2026-04-14T11:53:19","modified_gmt":"2026-04-14T11:53:19","slug":"urteil-lebenslang-nach-toedlicher-messerattacke-in-mellrichstadt","status":"publish","type":"post","link":"https:\/\/www.europesays.com\/de\/945040\/","title":{"rendered":"Urteil: Lebenslang nach t\u00f6dlicher Messerattacke in Mellrichstadt"},"content":{"rendered":"<p>Das Landgericht Schweinfurt hat den 22-j\u00e4hrigen Angeklagten am Dienstagvormittag zu lebenslanger Freiheitsstrafe verurteilt. Demnach ist er schuldig des Mordes, des versuchten Mordes und der gef\u00e4hrlichen K\u00f6rperverletzung. Der Mann hatte im \u00dcberlandwerk Mellrichstadt (Landkreis Rh\u00f6n-Grabfeld) eine Kollegin mit einem Messer get\u00f6tet und zwei weitere Kollegen zum Teil lebensgef\u00e4hrlich verletzt.<\/p>\n<p>Die Vorsitzende Richterin sprach von einer Tat, die &#8222;fassungslos&#8220; mache und &#8222;betroffen zur\u00fccklasse&#8220;. Eine besondere Schwere der Schuld stellte das Gericht aber nicht fest, eine anschlie\u00dfende Sicherungsverwahrung wurde nicht angeordnet. Damit ist eine Entlassung nach 15 Jahren Haft grunds\u00e4tzlich m\u00f6glich. Das Urteil ist nicht rechtskr\u00e4ftig. <\/p>\n<p>Staatsanwaltschaft spricht von &#8222;Mordlust&#8220; und &#8222;Fast-Hinrichtung&#8220;<\/p>\n<p>In den Pl\u00e4doyers hatte die Staatsanwaltschaft ein klares Bild gezeichnet: Sie forderte lebenslange Freiheitsstrafe mit besonderer Schwere der Schuld. Der Anklage zufolge habe der 22-j\u00e4hrige Deutsche aus einem inneren Drang heraus gehandelt, einen Menschen zu t\u00f6ten. Der Staatsanwalt sprach von &#8222;Mordlust&#8220;. Die Tat sei &#8222;fast wie eine Hinrichtung&#8220; gewesen, das Opfer habe keine Chance gehabt, sich zu wehren.<\/p>\n<p>Nach \u00dcberzeugung der Staatsanwaltschaft war die Tat geplant. Der Angeklagte habe sich gezielt ein Opfer ausgesucht \u2013 eine Arbeitskollegin, die ihn zuvor gema\u00dfregelt hatte. Aus Sicht der Anklage ging es nicht um einen eskalierten Streit, sondern um verletztes Ego und Verachtung. Die Nebenklage schloss sich dieser Bewertung an.<\/p>\n<p>T\u00e4ter entschuldigt sich bei Opfern und Angeh\u00f6rigen<\/p>\n<p>Die Verteidigung hatte keinen konkreten Antrag gestellt, widersprach jedoch der Einsch\u00e4tzung der besonderen Schwere der Schuld. In seinen letzten Worten vor der Urteilsverk\u00fcndung sagte der Angeklagte: &#8222;Ich m\u00f6chte mich bei allen gesch\u00e4digten und betroffenen Personen entschuldigen. Ich w\u00fcnschte, ich h\u00e4tte die Tat nie begangen.&#8220;<\/p>\n<p>Angriff am Arbeitsplatz<\/p>\n<p>Am Morgen des 1. Juli 2025 hatte <a href=\"https:\/\/www.br.de\/nachrichten\/bayern\/prozess-nach-messerangriff-im-buero-in-mellrichstadt-beginnt,VE0lfTE\" rel=\"nofollow noopener\" target=\"_blank\">der Mann das Gro\u00dfraumb\u00fcro seines Arbeitgebers in Mellrichstadt<\/a> betreten. Im B\u00fcro des gemeinsamen Vorgesetzten wartete er auf die 59-j\u00e4hrige Kollegin. Als die Frau eintraf, \u00fcberraschte er sie und stach mehrfach in Hals-, Bauch- und Brustbereich. Die Frau starb an ihren schweren Verletzungen.<\/p>\n<p>Der Vorgesetzte, der eingreifen wollte, wurde mit acht Messerstichen lebensgef\u00e4hrlich verletzt \u2013 vor allem im R\u00fccken- und Brustbereich sowie mit Schnittverletzungen an Armen und H\u00e4nden. Er \u00fcberlebte nur dank einer Notoperation. Ein weiterer Mitarbeiter erlitt einen Stich in den Oberschenkel, als er half, den Angreifer zu \u00fcberw\u00e4ltigen. Gemeinsam mit weiteren Kollegen gelang es schlie\u00dflich, dem Mann das Messer abzunehmen. <\/p>\n<p>Gutachter: T\u00e4ter voll schuldf\u00e4hig<\/p>\n<p>Zu Prozessbeginn hatte der Angeklagte die Tat einger\u00e4umt. Er habe die Frau gehasst, sagte er. Sie h\u00e4tten sich nicht gut verstanden, er habe sich von ihr schlecht behandelt gef\u00fchlt.<\/p>\n<p>Ein psychiatrischer Sachverst\u00e4ndiger bescheinigte dem 22-J\u00e4hrigen volle Schuldf\u00e4higkeit. Seine Drogen- und Opiatabh\u00e4ngigkeit habe seine Einsichts- und Steuerungsf\u00e4higkeit nicht eingeschr\u00e4nkt.<\/p>\n<p>Mann hatte Mord vorbereitet<\/p>\n<p>Ermittlungen zufolge hatte sich der Angeklagte im Vorfeld intensiv mit Gewaltverbrechen besch\u00e4ftigt. Er recherchierte zu Mord, Forensik und auch zur Beseitigung von Leichen. Zudem soll er sich mit bekannten Serienm\u00f6rdern befasst und einen Chatbot zu entsprechenden Themen befragt haben.<\/p>\n","protected":false},"excerpt":{"rendered":"Das Landgericht Schweinfurt hat den 22-j\u00e4hrigen Angeklagten am Dienstagvormittag zu lebenslanger Freiheitsstrafe verurteilt. Demnach ist er schuldig des&hellip;\n","protected":false},"author":2,"featured_media":945041,"comment_status":"","ping_status":"","sticky":false,"template":"","format":"standard","meta":{"footnotes":"","_share_on_mastodon":"0"},"categories":[5],"tags":[13,205968,73466,4529,73465,2841,2842,14,15,1269,12,1136,861,10,8,9,11,3757],"class_list":["post-945040","post","type-post","status-publish","format-standard","has-post-thumbnail","category-nachrichten","tag-headlines","tag-landgericht-schweinfurt","tag-landkreis-rhoen-grabfeld","tag-meiningen","tag-mellrichstadt","tag-messerangriff","tag-messerattacke","tag-nachrichten","tag-news","tag-prozess","tag-schlagzeilen","tag-stromversorgung","tag-thueringen","tag-top-news","tag-top-meldungen","tag-topmeldungen","tag-topnews","tag-unterfranken"],"share_on_mastodon":{"url":"https:\/\/pubeurope.com\/@de\/116402926853194931","error":""},"_links":{"self":[{"href":"https:\/\/www.europesays.com\/de\/wp-json\/wp\/v2\/posts\/945040","targetHints":{"allow":["GET"]}}],"collection":[{"href":"https:\/\/www.europesays.com\/de\/wp-json\/wp\/v2\/posts"}],"about":[{"href":"https:\/\/www.europesays.com\/de\/wp-json\/wp\/v2\/types\/post"}],"author":[{"embeddable":true,"href":"https:\/\/www.europesays.com\/de\/wp-json\/wp\/v2\/users\/2"}],"replies":[{"embeddable":true,"href":"https:\/\/www.europesays.com\/de\/wp-json\/wp\/v2\/comments?post=945040"}],"version-history":[{"count":0,"href":"https:\/\/www.europesays.com\/de\/wp-json\/wp\/v2\/posts\/945040\/revisions"}],"wp:featuredmedia":[{"embeddable":true,"href":"https:\/\/www.europesays.com\/de\/wp-json\/wp\/v2\/media\/945041"}],"wp:attachment":[{"href":"https:\/\/www.europesays.com\/de\/wp-json\/wp\/v2\/media?parent=945040"}],"wp:term":[{"taxonomy":"category","embeddable":true,"href":"https:\/\/www.europesays.com\/de\/wp-json\/wp\/v2\/categories?post=945040"},{"taxonomy":"post_tag","embeddable":true,"href":"https:\/\/www.europesays.com\/de\/wp-json\/wp\/v2\/tags?post=945040"}],"curies":[{"name":"wp","href":"https:\/\/api.w.org\/{rel}","templated":true}]}}