{"id":945111,"date":"2026-04-14T12:29:17","date_gmt":"2026-04-14T12:29:17","guid":{"rendered":"https:\/\/www.europesays.com\/de\/945111\/"},"modified":"2026-04-14T12:29:17","modified_gmt":"2026-04-14T12:29:17","slug":"frau-stiehlt-fuer-179-euro-und-landet-sofort-im-gefaengnis","status":"publish","type":"post","link":"https:\/\/www.europesays.com\/de\/945111\/","title":{"rendered":"Frau stiehlt f\u00fcr 1,79 Euro \u2013 und landet sofort im Gef\u00e4ngnis"},"content":{"rendered":"<p>Im Hauptbahnhof <\/p>\n<p>Frau muss in Gef\u00e4ngnis \u2013 nach 1,79-Euro-Diebstahl<\/p>\n<p>14.04.2026 &#8211; 14:03 UhrLesedauer: 1 Min.<\/p>\n<p><a href=\"#focus-0\" class=\"transition-colors duration-200 block text-current relative\" data-sctrack=\"FocusGalleryImage.Reference\"><img fetchpriority=\"high\" data-testid=\"Opener.Image\" style=\"--lqipURL:url('https:\/\/images.t-online.de\/2026\/04\/4vNekcmPQjpR\/0x197:2723x1532\/fit-in\/150x0\/filters:blur(25)\/markus-soeder-und-joachim-herrmann-praesentieren-sicherheitsmassnahmen-der-offensive-sichere-bahnhoefe-am-nuernberger-hauptbahnhof-10-012025-polizistin-der-bayerische-landespolizei-bundespolizei-links-und-polizist-der-bundespolizei-gemeinsam-vir-dem-nuernberger-hauptbahnhof-nuernberg-bayern-deutschland-markus-soeder-and-joachim-herrmann-present-security-measures-from-the-safe-stations-campaign-at-nuremberg-central-station-10-01-2025-police-officer-from-the-bavarian-state-police-federal-police-on-the-left.jpg')\"   loading=\"eager\" src=\"https:\/\/www.europesays.com\/de\/wp-content\/uploads\/2026\/04\/markus-soeder-und-joachim-herrmann-praesentieren-sicherheitsmassnahmen-der-offensive-sichere-bahnhoe.jpeg\" alt=\"imago images 0793054188\" title=\"imago images 0793054188\" width=\"2723\" height=\"1532\" class=\"bg-[url:var(--lqipURL)] bg-cover bg-center flex h-full w-full max-w-full\" decoding=\"async\"\/><img style=\"--width:32;--height:32\" loading=\"lazy\" src=\"https:\/\/nuernberg.t-online.de\/s\/paper\/_next\/static\/media\/zoom-in.f7dae02f.svg\" alt=\"Vergr\u00f6\u00dfern des Bildes\" title=\"Vergr\u00f6\u00dfern des Bildes\" class=\"block h-[calc(var(--height)_\/_16_*_1rem)] w-[calc(var(--width)_\/_16_*_1rem)] max-w-none absolute bottom-8 right-8 rounded-4 bg-snow p-8\" decoding=\"async\"\/><\/a><\/p>\n<p>Polizisten der Bayerische Landespolizei Bundespolizei vor dem N\u00fcrnberger Haupftbahnhof (Symbolbild). Nach einer Festnahme wandert eine Frau sofort ins Gef\u00e4ngnis. (Quelle: IMAGO\/Ardan Fuessmann\/imago)<\/p>\n<p class=\"font-bold text-18 leading-17 user-text-lg:text-22 user-text-xl:text-24\">Eine Frau wird in N\u00fcrnberg nach einem Ladendiebstahl festgenommen. Ein alter Haftbefehl holt sie ein.<\/p>\n<p class=\"text-18 leading-17 user-text-lg:text-22 user-text-xl:text-24\">Die 62-j\u00e4hrige Frau ist am Montagmorgen im N\u00fcrnberger Hauptbahnhof festgenommen worden. Die Bundespolizei brachte sie anschlie\u00dfend direkt in die Justizvollzugsanstalt. Der Grund: Bei der \u00dcberpr\u00fcfung ihrer Personalien entdeckten die Bundespolizisten einen Vollstreckungshaftbefehl der Staatsanwaltschaft N\u00fcrnberg-F\u00fcrth, wie es in einer Mitteilung hei\u00dft. Die 62-J\u00e4hrige konnte die offene Geldstrafe nicht bezahlen.<\/p>\n<p class=\"text-18 leading-17 user-text-lg:text-22 user-text-xl:text-24\">Die Frau soll zuvor in einem Drogeriemarkt im N\u00fcrnberger Hauptbahnhof ein Getr\u00e4nk im Wert von 1,79 Euro gestohlen haben. Mitarbeiter des Gesch\u00e4fts alarmierten die Beamten.<\/p>\n<p class=\"text-18 leading-17 user-text-lg:text-22 user-text-xl:text-24\">Sie muss nun eine Ersatzfreiheitsstrafe von 15 Tagen in der JVA N\u00fcrnberg verb\u00fc\u00dfen.<\/p>\n","protected":false},"excerpt":{"rendered":"Im Hauptbahnhof Frau muss in Gef\u00e4ngnis \u2013 nach 1,79-Euro-Diebstahl 14.04.2026 &#8211; 14:03 UhrLesedauer: 1 Min. Polizisten der Bayerische&hellip;\n","protected":false},"author":2,"featured_media":945112,"comment_status":"","ping_status":"","sticky":false,"template":"","format":"standard","meta":{"footnotes":"","_share_on_mastodon":"0"},"categories":[1837],"tags":[722,17161,772,421,3364,29,1686,205981,980,3647,30,503,3601,1584,24952,3783,121],"class_list":["post-945111","post","type-post","status-publish","format-standard","has-post-thumbnail","category-nuernberg","tag-722","tag-17161","tag-bayern","tag-bundespolizei","tag-de","tag-deutschland","tag-diebstahl","tag-diebstahlsdelikt","tag-festnahme","tag-gefaengnis","tag-germany","tag-haftbefehl","tag-hauptbahnhof","tag-kriminalitaet","tag-ladendiebstahl","tag-nuernberg","tag-polizei"],"share_on_mastodon":{"url":"https:\/\/pubeurope.com\/@de\/116403068704285152","error":""},"_links":{"self":[{"href":"https:\/\/www.europesays.com\/de\/wp-json\/wp\/v2\/posts\/945111","targetHints":{"allow":["GET"]}}],"collection":[{"href":"https:\/\/www.europesays.com\/de\/wp-json\/wp\/v2\/posts"}],"about":[{"href":"https:\/\/www.europesays.com\/de\/wp-json\/wp\/v2\/types\/post"}],"author":[{"embeddable":true,"href":"https:\/\/www.europesays.com\/de\/wp-json\/wp\/v2\/users\/2"}],"replies":[{"embeddable":true,"href":"https:\/\/www.europesays.com\/de\/wp-json\/wp\/v2\/comments?post=945111"}],"version-history":[{"count":0,"href":"https:\/\/www.europesays.com\/de\/wp-json\/wp\/v2\/posts\/945111\/revisions"}],"wp:featuredmedia":[{"embeddable":true,"href":"https:\/\/www.europesays.com\/de\/wp-json\/wp\/v2\/media\/945112"}],"wp:attachment":[{"href":"https:\/\/www.europesays.com\/de\/wp-json\/wp\/v2\/media?parent=945111"}],"wp:term":[{"taxonomy":"category","embeddable":true,"href":"https:\/\/www.europesays.com\/de\/wp-json\/wp\/v2\/categories?post=945111"},{"taxonomy":"post_tag","embeddable":true,"href":"https:\/\/www.europesays.com\/de\/wp-json\/wp\/v2\/tags?post=945111"}],"curies":[{"name":"wp","href":"https:\/\/api.w.org\/{rel}","templated":true}]}}