{"id":945119,"date":"2026-04-14T12:33:21","date_gmt":"2026-04-14T12:33:21","guid":{"rendered":"https:\/\/www.europesays.com\/de\/945119\/"},"modified":"2026-04-14T12:33:21","modified_gmt":"2026-04-14T12:33:21","slug":"polizei-sucht-15-jaehrige-aus-dresden","status":"publish","type":"post","link":"https:\/\/www.europesays.com\/de\/945119\/","title":{"rendered":"Polizei sucht 15-J\u00e4hrige aus Dresden"},"content":{"rendered":"<p>Die Polizei sucht nach der 15-j\u00e4hrigen Kheda I. aus Dresden. Die Jugendliche verlie\u00df am Donnerstagabend (9. April 2026) ihre Unterkunft an der Fischhausstra\u00dfe. Die Polizei pr\u00fcfte m\u00f6gliche Hinwendungsorte. Bisher wurde Kheda nicht gefunden.\n<\/p>\n<p>Die Vermisste ist etwa 1,65 Meter gro\u00df und schlank. Sie hat lange dunkelbraune Haare. Sie trug zuletzt eine helle Jeans und eine schwarze Weste.\n<\/p>\n<p>Die Polizei bittet um Hinweise zum Aufenthaltsort der 15-J\u00e4hrigen. Hinweise nimmt die Polizeidirektion Dresden unter der Rufnummer <a href=\"https:\/\/www.neustadt-ticker.de\/236988\/polizei\/tel:00493514832233\" target=\"_blank\" rel=\"nofollow noopener\">0351 4832233<\/a> entgegen.<br \/>\n<img fetchpriority=\"high\" decoding=\"async\" src=\"https:\/\/www.europesays.com\/de\/wp-content\/uploads\/2026\/04\/2026-04-14-Kheda.jpg\" alt=\"Vermisste Kheda - Foto: Polizei Dresden\" width=\"815\" height=\"750\" class=\"size-full wp-image-236989\"  \/>Vermisste Kheda \u2013 Foto: Polizei Dresden<\/p>\n","protected":false},"excerpt":{"rendered":"Die Polizei sucht nach der 15-j\u00e4hrigen Kheda I. aus Dresden. Die Jugendliche verlie\u00df am Donnerstagabend (9. April 2026)&hellip;\n","protected":false},"author":2,"featured_media":11912,"comment_status":"","ping_status":"","sticky":false,"template":"","format":"standard","meta":{"footnotes":"","_share_on_mastodon":"0"},"categories":[1835],"tags":[3364,29,2386,30,2331,859,205985,120],"class_list":["post-945119","post","type-post","status-publish","format-standard","has-post-thumbnail","category-dresden","tag-de","tag-deutschland","tag-dresden","tag-germany","tag-polizeimeldung","tag-sachsen","tag-suchmeldung","tag-vermisst"],"share_on_mastodon":{"url":"https:\/\/pubeurope.com\/@de\/116403084342824030","error":""},"_links":{"self":[{"href":"https:\/\/www.europesays.com\/de\/wp-json\/wp\/v2\/posts\/945119","targetHints":{"allow":["GET"]}}],"collection":[{"href":"https:\/\/www.europesays.com\/de\/wp-json\/wp\/v2\/posts"}],"about":[{"href":"https:\/\/www.europesays.com\/de\/wp-json\/wp\/v2\/types\/post"}],"author":[{"embeddable":true,"href":"https:\/\/www.europesays.com\/de\/wp-json\/wp\/v2\/users\/2"}],"replies":[{"embeddable":true,"href":"https:\/\/www.europesays.com\/de\/wp-json\/wp\/v2\/comments?post=945119"}],"version-history":[{"count":0,"href":"https:\/\/www.europesays.com\/de\/wp-json\/wp\/v2\/posts\/945119\/revisions"}],"wp:featuredmedia":[{"embeddable":true,"href":"https:\/\/www.europesays.com\/de\/wp-json\/wp\/v2\/media\/11912"}],"wp:attachment":[{"href":"https:\/\/www.europesays.com\/de\/wp-json\/wp\/v2\/media?parent=945119"}],"wp:term":[{"taxonomy":"category","embeddable":true,"href":"https:\/\/www.europesays.com\/de\/wp-json\/wp\/v2\/categories?post=945119"},{"taxonomy":"post_tag","embeddable":true,"href":"https:\/\/www.europesays.com\/de\/wp-json\/wp\/v2\/tags?post=945119"}],"curies":[{"name":"wp","href":"https:\/\/api.w.org\/{rel}","templated":true}]}}