{"id":945138,"date":"2026-04-14T12:44:15","date_gmt":"2026-04-14T12:44:15","guid":{"rendered":"https:\/\/www.europesays.com\/de\/945138\/"},"modified":"2026-04-14T12:44:15","modified_gmt":"2026-04-14T12:44:15","slug":"karte-handy-oder-bargeld-neue-bezahlmoeglichkeiten-in-bussen-im-rems-murr-kreis-nachrichten-aus-dem-rems-murr-kreis","status":"publish","type":"post","link":"https:\/\/www.europesays.com\/de\/945138\/","title":{"rendered":"Karte, Handy oder Bargeld? Neue Bezahlm\u00f6glichkeiten in Bussen im Rems-Murr-Kreis &#8211; Nachrichten aus dem Rems-Murr-Kreis"},"content":{"rendered":"<p><strong>Rems-Murr.<\/strong> Schneller, einfacher und digitaler \u2013 so soll es k\u00fcnftig in den Bussen im Rems-Murr-Kreis laufen. Seit Anfang April ist es in den Fahrzeugen der Friedrich M\u00fcller Omnibusmusunternehmen GmbH (FMO) m\u00f6glich, bargeldlos zu bezahlen. Die Einf\u00fchrung soll vor allem eines voranbringen: die P\u00fcnktlichkeit. Aber auch Passagiere und Fahrer werden durch den vereinfachten Kaufprozess entlastet.<\/p>\n<p>Mit Karte bitte: FMO ist Vorreiter im Rems-Murr-Kreis<\/p>\n<p>Als erstes<\/p>\n","protected":false},"excerpt":{"rendered":"Rems-Murr. Schneller, einfacher und digitaler \u2013 so soll es k\u00fcnftig in den Bussen im Rems-Murr-Kreis laufen. Seit Anfang&hellip;\n","protected":false},"author":2,"featured_media":945139,"comment_status":"","ping_status":"","sticky":false,"template":"","format":"standard","meta":{"footnotes":"","_share_on_mastodon":"0"},"categories":[1830],"tags":[101345,1634,6258,10415,3364,29,1081,30,4186,5112,8760,24095,1441,6843,9887],"class_list":["post-945138","post","type-post","status-publish","format-standard","has-post-thumbnail","category-stuttgart","tag-bargeldloses-bezahlen","tag-baden-wuerttemberg","tag-bargeld","tag-bus","tag-de","tag-deutschland","tag-digitalisierung","tag-germany","tag-nahverkehr","tag-oepnv","tag-rems-murr-kreis","tag-remstal","tag-stuttgart","tag-vvs","tag-waiblingen"],"share_on_mastodon":{"url":"https:\/\/pubeurope.com\/@de\/116403127363389708","error":""},"_links":{"self":[{"href":"https:\/\/www.europesays.com\/de\/wp-json\/wp\/v2\/posts\/945138","targetHints":{"allow":["GET"]}}],"collection":[{"href":"https:\/\/www.europesays.com\/de\/wp-json\/wp\/v2\/posts"}],"about":[{"href":"https:\/\/www.europesays.com\/de\/wp-json\/wp\/v2\/types\/post"}],"author":[{"embeddable":true,"href":"https:\/\/www.europesays.com\/de\/wp-json\/wp\/v2\/users\/2"}],"replies":[{"embeddable":true,"href":"https:\/\/www.europesays.com\/de\/wp-json\/wp\/v2\/comments?post=945138"}],"version-history":[{"count":0,"href":"https:\/\/www.europesays.com\/de\/wp-json\/wp\/v2\/posts\/945138\/revisions"}],"wp:featuredmedia":[{"embeddable":true,"href":"https:\/\/www.europesays.com\/de\/wp-json\/wp\/v2\/media\/945139"}],"wp:attachment":[{"href":"https:\/\/www.europesays.com\/de\/wp-json\/wp\/v2\/media?parent=945138"}],"wp:term":[{"taxonomy":"category","embeddable":true,"href":"https:\/\/www.europesays.com\/de\/wp-json\/wp\/v2\/categories?post=945138"},{"taxonomy":"post_tag","embeddable":true,"href":"https:\/\/www.europesays.com\/de\/wp-json\/wp\/v2\/tags?post=945138"}],"curies":[{"name":"wp","href":"https:\/\/api.w.org\/{rel}","templated":true}]}}