{"id":94519,"date":"2025-05-08T14:52:12","date_gmt":"2025-05-08T14:52:12","guid":{"rendered":"https:\/\/www.europesays.com\/de\/94519\/"},"modified":"2025-05-08T14:52:12","modified_gmt":"2025-05-08T14:52:12","slug":"bundespolizeidirektion-muenchen-dokumententausch-und-fahrverbot-bundespolizei-bringt","status":"publish","type":"post","link":"https:\/\/www.europesays.com\/de\/94519\/","title":{"rendered":"Bundespolizeidirektion M\u00fcnchen: Dokumententausch und Fahrverbot\/ Bundespolizei bringt &#8230;"},"content":{"rendered":"<p class=\"date\">08.05.2025 \u2013 16:46<\/p>\n<p class=\"customer\">\n                        <a class=\"story-customer\" title=\"weiter zum newsroom von Bundespolizeidirektion M\u00fcnchen\" href=\"https:\/\/www.presseportal.de\/blaulicht\/nr\/64017\" target=\"_blank\" rel=\"noopener\">Bundespolizeidirektion M\u00fcnchen<\/a>\n                    <\/p>\n<p><a class=\"glightbox event-trigger\" href=\"https:\/\/cache.pressmailing.net\/thumbnail\/story_hires\/afcb2f37-8a70-4615-bcb9-6624cbab2197\/20250508_Symbolfoto_~e_Bundespolizei.jpg.jpg\" data-description=\"Symbolfoto - Freigabe unter der Quellenangabe &quot;Bundespolizei&quot; f\u00fcr redaktionelle Zwecke\" data-category=\"medialightbox\" data-action=\"click\" data-label=\"single\" data-value=\"681cc3be270000fd2c608db7\" target=\"_blank\" rel=\"noopener\"><img decoding=\"async\" height=\"540\" with=\"720\" src=\"https:\/\/www.europesays.com\/de\/wp-content\/uploads\/2025\/05\/bundespolizeidirektion-m-nchen-dokumententausch-und-fahrverbot-bundespolizei-bringt-ausweislosen-mig.jpeg\"   alt=\"Bundespolizeidirektion M\u00fcnchen: Dokumententausch und Fahrverbot\/ Bundespolizei bringt ausweislosen Migranten in Haft\" class=\"single\"\/><\/a><\/p>\n<p><a data-category=\"citylink-story-view\" data-action=\"click\" data-label=\"Citylink in Meldungsansicht\" class=\"story-city event-trigger\" href=\"https:\/\/www.presseportal.de\/regional\/Lindau\" title=\"News aus Lindau \" target=\"_blank\" rel=\"noopener\">Lindau<\/a> (ots)<\/p>\n<p>Am Mittwoch (7. Mai) hat die Bundespolizei einen vietnamesischen Staatsangeh\u00f6rigen in Zur\u00fcckweisungshaft eingeliefert. Der Migrant hatte versucht, mittels eines Gehilfen unerlaubt \u00fcber den Grenz\u00fcbergang H\u00f6rbranz (BAB 96) einzureisen. Die beiden M\u00e4nner hatten sich zudem missbr\u00e4uchlich mit fremden Dokumenten ausgewiesen.<\/p>\n<p>Am Sonntagabend (4. Mai) kontrollierten Lindauer Bundespolizisten die zwei vietnamesischen Insassen eines Autos mit deutscher Zulassung. Der 37-j\u00e4hrige Fahrer wies sich mit einem vietnamesischen Reisepass und einem tschechischen Aufenthaltstitel aus. Die Beamten erkannten jedoch, dass der Vietnamese diese Dokumente missbr\u00e4uchlich verwendete, da diese auf einen anderen, nicht anwesenden Mann ausgestellt waren.<\/p>\n<p>Der 38-j\u00e4hrige Beifahrer legte einen vietnamesischen Pass sowie eine abgelaufene deutsche Fiktionsbescheinigung vor. Allerdings lie\u00dfen sich die Beamten auch hier nicht t\u00e4uschen. Es handelte sich tats\u00e4chlich um die Dokumente des Fahrers. Der Beifahrer war ausweislos und bisher nicht bei deutschen Beh\u00f6rden registriert worden. Eigenen Angaben zufolge soll sich der Migrant jedoch bereits seit etwa zwei bis drei Jahren im Schengenraum aufhalten.<\/p>\n<p>Die Polizisten fanden im Handschuhfach schlie\u00dflich noch den g\u00fcltigen tschechischen Aufenthaltstitel des Fahrerzeuglenkers. Au\u00dferdem recherchierten die Beamten, dass der Migrant \u00fcber eine g\u00fcltige Fiktionsbescheinigung verf\u00fcgt. Damit war zwar die Einreise des Vietnamesen erlaubt, das F\u00fchren des Autos allerdings nicht. Die Bundespolizisten ermittelten, dass der Mann aktuell einem Fahrverbot unterliegt.<\/p>\n<p>Die Beamten zeigten den 37-j\u00e4hrigen Fahrer wegen Ausweismissbrauchs, Beihilfe zur versuchten unerlaubten Einreise sowie Fahrens ohne Fahrerlaubnis an. Der Beschuldigte, der mittlerweile im Ostallg\u00e4u ans\u00e4ssig ist, kam schlie\u00dflich auf freien Fu\u00df. Die Beamten informierten die zust\u00e4ndige Ausl\u00e4nderbeh\u00f6rde \u00fcber den Sachverhalt.<\/p>\n<p>Der 38-j\u00e4hrige Beifahrer erhielt Anzeigen wegen Ausweismissbrauchs und versuchter unerlaubter Einreise sowie ein vierj\u00e4hriges Einreise- und Aufenthaltsverbot f\u00fcr die Bundesrepublik. Die Bundespolizisten f\u00fchrten den Vietnamesen am Mittwochnachmittag (7. Mai) beim Amtsgericht Lindau vor und lieferten ihn anschlie\u00dfend in die Kombinierte Transit- und Abschiebungshafteinrichtung am Flughafen M\u00fcnchen ein. Anschlie\u00dfend soll der Migrant in sein Heimatland zur\u00fcckgewiesen werden.<\/p>\n<p class=\"contact-headline\">R\u00fcckfragen bitte an:<\/p>\n<p class=\"contact-text\">Sabine Dittmann<br \/>Bundespolizeiinspektion Kempten<br \/>Kaufbeurer Stra\u00dfe 80 | 87437 Kempten<br \/>Pressestelle<br \/>Telefon: 0831 \/ 540 798-1010<br \/>E-Mail: <a href=\"https:\/\/www.presseportal.de\/blaulicht\/pm\/64017\/mailto: bpoli.kempten.presse@polizei.bund.de\" class=\"uri-mailto\" target=\"_blank\" rel=\"noopener\"> bpoli.kempten.presse@polizei.bund.de<\/a><\/p>\n<p>Die Bundespolizeiinspektion Kempten sch\u00fctzt mit ihren Revieren <br \/>Weilheim und Lindau auf 220 Grenzkilometern zwischen Bodensee und <br \/>Ammergebirge die Schengen-Binnengrenze zu \u00d6sterreich, um <br \/>grenz\u00fcberschreitende Kriminalit\u00e4t und irregul\u00e4re Migration zu <br \/>verhindern.<\/p>\n<p>Zudem sorgen die Bundespolizisten auf 560 Streckenkilometern und 91 <br \/>Bahnh\u00f6fen f\u00fcr die Sicherheit des Bahnverkehrs und der Reisenden.<\/p>\n<p>Der Zust\u00e4ndigkeitsbereich erstreckt sich auf die Landkreise Landsberg<br \/>am Lech, Lindau, Ober-, Ost-, Unterallg\u00e4u und Weilheim-Schongau, <br \/>sowie die kreisfreien St\u00e4dte Kaufbeuren, Kempten und Memmingen.<\/p>\n<p>Weitere Informationen zur Bundespolizei erhalten Sie unter <br \/><a target=\"_blank\" class=\"uri-ext outbound\" rel=\"noopener\" href=\"https:\/\/www.bundespolizei.de\">www.bundespolizei.de<\/a> oder oben genannter Kontaktadresse.<\/p>\n<p class=\"originator\">Original-Content von: Bundespolizeidirektion M\u00fcnchen, \u00fcbermittelt durch news aktuell<\/p>\n","protected":false},"excerpt":{"rendered":"08.05.2025 \u2013 16:46 Bundespolizeidirektion M\u00fcnchen Lindau (ots) Am Mittwoch (7. Mai) hat die Bundespolizei einen vietnamesischen Staatsangeh\u00f6rigen in&hellip;\n","protected":false},"author":2,"featured_media":94520,"comment_status":"","ping_status":"","sticky":false,"template":"","format":"standard","meta":{"footnotes":""},"categories":[1827],"tags":[772,2918,29,30,177,1268,121,178,180,179,181],"class_list":{"0":"post-94519","1":"post","2":"type-post","3":"status-publish","4":"format-standard","5":"has-post-thumbnail","7":"category-muenchen","8":"tag-bayern","9":"tag-by","10":"tag-deutschland","11":"tag-germany","12":"tag-kriminalitt","13":"tag-muenchen","14":"tag-polizei","15":"tag-presse","16":"tag-pressemeldung","17":"tag-pressemitteilung","18":"tag-pressemitteilungen"},"share_on_mastodon":{"url":"https:\/\/pubeurope.com\/@de\/114472782695224103","error":""},"_links":{"self":[{"href":"https:\/\/www.europesays.com\/de\/wp-json\/wp\/v2\/posts\/94519","targetHints":{"allow":["GET"]}}],"collection":[{"href":"https:\/\/www.europesays.com\/de\/wp-json\/wp\/v2\/posts"}],"about":[{"href":"https:\/\/www.europesays.com\/de\/wp-json\/wp\/v2\/types\/post"}],"author":[{"embeddable":true,"href":"https:\/\/www.europesays.com\/de\/wp-json\/wp\/v2\/users\/2"}],"replies":[{"embeddable":true,"href":"https:\/\/www.europesays.com\/de\/wp-json\/wp\/v2\/comments?post=94519"}],"version-history":[{"count":0,"href":"https:\/\/www.europesays.com\/de\/wp-json\/wp\/v2\/posts\/94519\/revisions"}],"wp:featuredmedia":[{"embeddable":true,"href":"https:\/\/www.europesays.com\/de\/wp-json\/wp\/v2\/media\/94520"}],"wp:attachment":[{"href":"https:\/\/www.europesays.com\/de\/wp-json\/wp\/v2\/media?parent=94519"}],"wp:term":[{"taxonomy":"category","embeddable":true,"href":"https:\/\/www.europesays.com\/de\/wp-json\/wp\/v2\/categories?post=94519"},{"taxonomy":"post_tag","embeddable":true,"href":"https:\/\/www.europesays.com\/de\/wp-json\/wp\/v2\/tags?post=94519"}],"curies":[{"name":"wp","href":"https:\/\/api.w.org\/{rel}","templated":true}]}}