{"id":945200,"date":"2026-04-14T13:17:15","date_gmt":"2026-04-14T13:17:15","guid":{"rendered":"https:\/\/www.europesays.com\/de\/945200\/"},"modified":"2026-04-14T13:17:15","modified_gmt":"2026-04-14T13:17:15","slug":"chemnitz-warum-der-purple-path-jetzt-richtig-durchstartet","status":"publish","type":"post","link":"https:\/\/www.europesays.com\/de\/945200\/","title":{"rendered":"Chemnitz: Warum der Purple Path jetzt richtig durchstartet"},"content":{"rendered":"<p class=\"text\">\nFrank Maibier erl\u00e4utert seine Arbeit und macht Kunst damit lebendig erfahrbar. Und es zeigt sich, was den Purple Path besonders macht: Kunst steht nicht im <a href=\"https:\/\/www.mdr.de\/kultur\/chemnitz-museen-ueberblick-kulturhauptstadt-114.html\" title=\"Chemnitz: Die besten 10 Museen in der Kulturhauptstadt 2025\" rel=\"nofollow noopener\" target=\"_blank\">Museum<\/a>, sondern mitten im Alltagsgeschehen \u2013 und ver\u00e4ndert dadurch auch den Blick auf die Umgebung. Das Anliegen des Chemnitzer K\u00fcnstlers geht dabei \u00fcber die Form hinaus: Die Skulptur soll Verbindungen schaffen. &#8222;Es verbindet sozusagen die verschiedenen Ortsteile von Lichtenau zu einem komplexen Ganzen&#8220;, sagt der K\u00fcnstler selbst. Ein neuer Mittelpunkt \u2013 dort, wo es bislang keinen gab.\n<\/p>\n<p><a name=\"Wanderweg\">Wanderweg<\/a> bietet neue Perspektiven auf bekannte Orte<\/p>\n<p class=\"text\">\nWeiter geht die Kunst-Tour nach Fl\u00f6ha, wo der Purple Path vor einem Jahr seinen Anfang nahm.\u00a0In der &#8222;Alten Baumwolle&#8220;, einem umgebauten <a href=\"https:\/\/www.mdr.de\/kultur\/chemnitz-kulturhauptstadt-geschichte-industrie-moderne-102.html\" title=\"Kulturhauptstadt Chemnitz: Wie sich die Stadt immer wieder neu erfinden musste\" rel=\"nofollow noopener\" target=\"_blank\">Industriedenkmal<\/a> mit beeindruckender Backsteinarchitektur, wird Strukturwandel sichtbar. Hier entsteht ein neues Stadtzentrum mit Marktplatz, Kultur, Einkaufs- und Begegnungsm\u00f6glichkeiten.\n<\/p>\n<p class=\"text\">\nIm nahen Bahnhofstunnel begegnen die Besucher der Installation &#8222;Glance&#8220; von Tanja Rochelmeyer. 171 rechteckige Tafeln an den W\u00e4nden des Tunnels zeigen stilisiertes Mauerwerk, Rechtecke oder Buchstaben. Das Werk hat nicht nur einen dunklen Tunnel zum Strahlen gebracht, sondern erinnert auch an die Str\u00f6me nach Hause eilender Arbeiterinnen und Arbeiter der alten Baumwollspinnerei. Solche Orte machen deutlich, was den Purple Path auszeichnet. Der k\u00fcnstlerische Berater Alexander Ochs formuliert es so: &#8222;Die Kunst kontextualisiert Orte neu und die Orte kontextualisieren die Kunst. Und damit entsteht etwas komplett Neues.&#8220;\n<\/p>\n<p>Purple Path \u2013 ein Freilichtmuseum mit Zukunft<\/p>\n<p class=\"text\">\nDie Auftakttour zeigt, welches Potenzial im Purple Path steckt. Kunst wird hier nicht nur betrachtet, sondern erlebt \u2013 im Austausch mit anderen und im Dialog mit Landschaft und <a href=\"https:\/\/www.mdr.de\/kultur\/ausflug-tipps\/chemnitz-architektur-moderne-bauwerke-tipps-112.html\" title=\"Chemnitz: 7 Highlights moderner Architektur \u2013 von Bauhaus bis DDR\" rel=\"nofollow noopener\" target=\"_blank\">Architektur<\/a>. Durch mehr b\u00fcrgerschaftliches Engagement kann der Kunstpfad eine dauerhafte Basis bekommen, damit er auch k\u00fcnftig Menschen verbinden und immer wieder neu entdeckt werden kann.\n<\/p>\n<p class=\"text\">\nredaktionelle Bearbeitung: sg<\/p>\n","protected":false},"excerpt":{"rendered":"Frank Maibier erl\u00e4utert seine Arbeit und macht Kunst damit lebendig erfahrbar. Und es zeigt sich, was den Purple&hellip;\n","protected":false},"author":2,"featured_media":945201,"comment_status":"","ping_status":"","sticky":false,"template":"","format":"standard","meta":{"footnotes":"","_share_on_mastodon":"0"},"categories":[1851],"tags":[3903,5071,2076,2770,3364,29,548,663,3934,23286,30,13,80,66,2075,81,14,15,2772,16800,859,12,2884,13156,16804],"class_list":["post-945200","post","type-post","status-publish","format-standard","has-post-thumbnail","category-chemnitz","tag-ausflug","tag-ausflugsziel","tag-ausstellung","tag-chemnitz","tag-de","tag-deutschland","tag-eu","tag-europa","tag-europe","tag-freilichtmuseum","tag-germany","tag-headlines","tag-kultur","tag-kulturnachrichten","tag-kunst","tag-mdr","tag-nachrichten","tag-news","tag-purple-path","tag-route","tag-sachsen","tag-schlagzeilen","tag-tour","tag-wandern","tag-wanderweg"],"share_on_mastodon":{"url":"https:\/\/pubeurope.com\/@de\/116403257219490108","error":""},"_links":{"self":[{"href":"https:\/\/www.europesays.com\/de\/wp-json\/wp\/v2\/posts\/945200","targetHints":{"allow":["GET"]}}],"collection":[{"href":"https:\/\/www.europesays.com\/de\/wp-json\/wp\/v2\/posts"}],"about":[{"href":"https:\/\/www.europesays.com\/de\/wp-json\/wp\/v2\/types\/post"}],"author":[{"embeddable":true,"href":"https:\/\/www.europesays.com\/de\/wp-json\/wp\/v2\/users\/2"}],"replies":[{"embeddable":true,"href":"https:\/\/www.europesays.com\/de\/wp-json\/wp\/v2\/comments?post=945200"}],"version-history":[{"count":0,"href":"https:\/\/www.europesays.com\/de\/wp-json\/wp\/v2\/posts\/945200\/revisions"}],"wp:featuredmedia":[{"embeddable":true,"href":"https:\/\/www.europesays.com\/de\/wp-json\/wp\/v2\/media\/945201"}],"wp:attachment":[{"href":"https:\/\/www.europesays.com\/de\/wp-json\/wp\/v2\/media?parent=945200"}],"wp:term":[{"taxonomy":"category","embeddable":true,"href":"https:\/\/www.europesays.com\/de\/wp-json\/wp\/v2\/categories?post=945200"},{"taxonomy":"post_tag","embeddable":true,"href":"https:\/\/www.europesays.com\/de\/wp-json\/wp\/v2\/tags?post=945200"}],"curies":[{"name":"wp","href":"https:\/\/api.w.org\/{rel}","templated":true}]}}